{"id":21248,"date":"2025-01-26T11:22:35","date_gmt":"2025-01-26T10:22:35","guid":{"rendered":"https:\/\/dev.giulini.it\/private-villa-norwegen\/"},"modified":"2025-02-14T10:40:29","modified_gmt":"2025-02-14T09:40:29","slug":"private-villa-norwegen","status":"publish","type":"post","link":"https:\/\/www.giulini.it\/de\/private-villa-norwegen\/","title":{"rendered":"PRIVATE VILLA &#8211; Norwegen"},"content":{"rendered":"<p>Ein wundersch\u00f6nes Projekt inmitten der Natur des Waldes &#8218;das Haus im Wald&#8216;.<br \/>\nB\u00e4der mit der Kollektion Pablolux in mattschwarzer Ausf\u00fchrung.<\/p>\n<p>210 Quadratmeter, bestehend aus einem Schlafzimmer, einem Ankleidezimmer und einem Badezimmer, einer Wohnk\u00fcche und einem G\u00e4stezimmer. Architekten Arthur und KseniaKariev; Designer AlexeyKnyazev.<\/p>\n<p><img decoding=\"async\" class=\"alignnone size-full wp-image-2679\" src=\"https:\/\/www.giulini.it\/wp-content\/uploads\/2025\/01\/VILLA-PRIVATA-Norvegia_Giulini_rubinetteria-1.jpg\" alt=\"PRIVATE VILLA - Norwegen\" width=\"1920\" height=\"1047\" srcset=\"https:\/\/www.giulini.it\/wp-content\/uploads\/2025\/01\/VILLA-PRIVATA-Norvegia_Giulini_rubinetteria-1-200x109.jpg%20200w,%20https:\/www.giulini.it\/wp-content\/uploads\/2025\/01\/VILLA-PRIVATA-Norvegia_Giulini_rubinetteria-1-300x164.jpg%20300w,%20https:\/www.giulini.it\/wp-content\/uploads\/2025\/01\/VILLA-PRIVATA-Norvegia_Giulini_rubinetteria-1-400x218.jpg%20400w,%20https:\/www.giulini.it\/wp-content\/uploads\/2025\/01\/VILLA-PRIVATA-Norvegia_Giulini_rubinetteria-1-500x273.jpg%20500w,%20https:\/www.giulini.it\/wp-content\/uploads\/2025\/01\/VILLA-PRIVATA-Norvegia_Giulini_rubinetteria-1-600x327.jpg%20600w,%20https:\/www.giulini.it\/wp-content\/uploads\/2025\/01\/VILLA-PRIVATA-Norvegia_Giulini_rubinetteria-1-700x382.jpg%20700w,%20https:\/www.giulini.it\/wp-content\/uploads\/2025\/01\/VILLA-PRIVATA-Norvegia_Giulini_rubinetteria-1-768x419.jpg%20768w,%20https:\/www.giulini.it\/wp-content\/uploads\/2025\/01\/VILLA-PRIVATA-Norvegia_Giulini_rubinetteria-1-800x436.jpg%20800w,%20https:\/www.giulini.it\/wp-content\/uploads\/2025\/01\/VILLA-PRIVATA-Norvegia_Giulini_rubinetteria-1-1024x558.jpg%201024w,%20https:\/www.giulini.it\/wp-content\/uploads\/2025\/01\/VILLA-PRIVATA-Norvegia_Giulini_rubinetteria-1-1200x654.jpg%201200w,%20https:\/www.giulini.it\/wp-content\/uploads\/2025\/01\/VILLA-PRIVATA-Norvegia_Giulini_rubinetteria-1-1536x838.jpg%201536w,%20https:\/www.giulini.it\/wp-content\/uploads\/2025\/01\/VILLA-PRIVATA-Norvegia_Giulini_rubinetteria-1.jpg%201920w\" sizes=\"(max-width: 1920px) 100vw, 1920px\" \/><\/p>\n<p>Eine Mischung aus Oberfl\u00e4chen: Walnussfurnier mit l\u00e4ndlichem Stein und alten, verwitterten Brettern eines alten Zauns, die f\u00fcr die Decke wiederverwendet wurden.<\/p>\n<p>Wohnzimmer-K\u00fcche: Der Boden ist aus nat\u00fcrlichem Schiefer. Die Decke ist mit wiederverwendeten Brettern eines alten Zauns verkleidet. Der Sockel des Kamins besteht aus feuerfesten Ziegeln, die mit Stein verkleidet sind.  <\/p>\n<p><img decoding=\"async\" class=\"alignnone size-full wp-image-2685\" src=\"https:\/\/www.giulini.it\/wp-content\/uploads\/2025\/01\/VILLA-PRIVATA-Norvegia_Giulini_rubinetteria-2.jpg\" alt=\"PRIVATE VILLA - Norwegen\" width=\"1564\" height=\"1047\" srcset=\"https:\/\/www.giulini.it\/wp-content\/uploads\/2025\/01\/VILLA-PRIVATA-Norvegia_Giulini_rubinetteria-2-200x134.jpg%20200w,%20https:\/www.giulini.it\/wp-content\/uploads\/2025\/01\/VILLA-PRIVATA-Norvegia_Giulini_rubinetteria-2-300x201.jpg%20300w,%20https:\/www.giulini.it\/wp-content\/uploads\/2025\/01\/VILLA-PRIVATA-Norvegia_Giulini_rubinetteria-2-400x268.jpg%20400w,%20https:\/www.giulini.it\/wp-content\/uploads\/2025\/01\/VILLA-PRIVATA-Norvegia_Giulini_rubinetteria-2-500x335.jpg%20500w,%20https:\/www.giulini.it\/wp-content\/uploads\/2025\/01\/VILLA-PRIVATA-Norvegia_Giulini_rubinetteria-2-600x402.jpg%20600w,%20https:\/www.giulini.it\/wp-content\/uploads\/2025\/01\/VILLA-PRIVATA-Norvegia_Giulini_rubinetteria-2-700x469.jpg%20700w,%20https:\/www.giulini.it\/wp-content\/uploads\/2025\/01\/VILLA-PRIVATA-Norvegia_Giulini_rubinetteria-2-768x514.jpg%20768w,%20https:\/www.giulini.it\/wp-content\/uploads\/2025\/01\/VILLA-PRIVATA-Norvegia_Giulini_rubinetteria-2-800x536.jpg%20800w,%20https:\/www.giulini.it\/wp-content\/uploads\/2025\/01\/VILLA-PRIVATA-Norvegia_Giulini_rubinetteria-2-1024x686.jpg%201024w,%20https:\/www.giulini.it\/wp-content\/uploads\/2025\/01\/VILLA-PRIVATA-Norvegia_Giulini_rubinetteria-2-1200x803.jpg%201200w,%20https:\/www.giulini.it\/wp-content\/uploads\/2025\/01\/VILLA-PRIVATA-Norvegia_Giulini_rubinetteria-2-1536x1028.jpg%201536w,%20https:\/www.giulini.it\/wp-content\/uploads\/2025\/01\/VILLA-PRIVATA-Norvegia_Giulini_rubinetteria-2.jpg%201564w\" sizes=\"(max-width: 1564px) 100vw, 1564px\" \/><\/p>\n<p><img decoding=\"async\" class=\"alignnone size-full wp-image-2691\" src=\"https:\/\/www.giulini.it\/wp-content\/uploads\/2025\/01\/VILLA-PRIVATA-Norvegia_Giulini_rubinetteria-3.jpg\" alt=\"PRIVATE VILLA - Norwegen\" width=\"1564\" height=\"1047\" srcset=\"https:\/\/www.giulini.it\/wp-content\/uploads\/2025\/01\/VILLA-PRIVATA-Norvegia_Giulini_rubinetteria-3-200x134.jpg%20200w,%20https:\/www.giulini.it\/wp-content\/uploads\/2025\/01\/VILLA-PRIVATA-Norvegia_Giulini_rubinetteria-3-300x201.jpg%20300w,%20https:\/www.giulini.it\/wp-content\/uploads\/2025\/01\/VILLA-PRIVATA-Norvegia_Giulini_rubinetteria-3-400x268.jpg%20400w,%20https:\/www.giulini.it\/wp-content\/uploads\/2025\/01\/VILLA-PRIVATA-Norvegia_Giulini_rubinetteria-3-500x335.jpg%20500w,%20https:\/www.giulini.it\/wp-content\/uploads\/2025\/01\/VILLA-PRIVATA-Norvegia_Giulini_rubinetteria-3-600x402.jpg%20600w,%20https:\/www.giulini.it\/wp-content\/uploads\/2025\/01\/VILLA-PRIVATA-Norvegia_Giulini_rubinetteria-3-700x469.jpg%20700w,%20https:\/www.giulini.it\/wp-content\/uploads\/2025\/01\/VILLA-PRIVATA-Norvegia_Giulini_rubinetteria-3-768x514.jpg%20768w,%20https:\/www.giulini.it\/wp-content\/uploads\/2025\/01\/VILLA-PRIVATA-Norvegia_Giulini_rubinetteria-3-800x536.jpg%20800w,%20https:\/www.giulini.it\/wp-content\/uploads\/2025\/01\/VILLA-PRIVATA-Norvegia_Giulini_rubinetteria-3-1024x686.jpg%201024w,%20https:\/www.giulini.it\/wp-content\/uploads\/2025\/01\/VILLA-PRIVATA-Norvegia_Giulini_rubinetteria-3-1200x803.jpg%201200w,%20https:\/www.giulini.it\/wp-content\/uploads\/2025\/01\/VILLA-PRIVATA-Norvegia_Giulini_rubinetteria-3-1536x1028.jpg%201536w,%20https:\/www.giulini.it\/wp-content\/uploads\/2025\/01\/VILLA-PRIVATA-Norvegia_Giulini_rubinetteria-3.jpg%201564w\" sizes=\"(max-width: 1564px) 100vw, 1564px\" \/><\/p>\n<p><img decoding=\"async\" class=\"alignnone size-full wp-image-2697\" src=\"https:\/\/www.giulini.it\/wp-content\/uploads\/2025\/01\/VILLA-PRIVATA-Norvegia_Giulini_rubinetteria-4.png\" alt=\"PRIVATE VILLA - Norwegen\" width=\"1564\" height=\"1127\" srcset=\"https:\/\/www.giulini.it\/wp-content\/uploads\/2025\/01\/VILLA-PRIVATA-Norvegia_Giulini_rubinetteria-4-200x144.png%20200w,%20https:\/www.giulini.it\/wp-content\/uploads\/2025\/01\/VILLA-PRIVATA-Norvegia_Giulini_rubinetteria-4-300x216.png%20300w,%20https:\/www.giulini.it\/wp-content\/uploads\/2025\/01\/VILLA-PRIVATA-Norvegia_Giulini_rubinetteria-4-400x288.png%20400w,%20https:\/www.giulini.it\/wp-content\/uploads\/2025\/01\/VILLA-PRIVATA-Norvegia_Giulini_rubinetteria-4-500x360.png%20500w,%20https:\/www.giulini.it\/wp-content\/uploads\/2025\/01\/VILLA-PRIVATA-Norvegia_Giulini_rubinetteria-4-600x432.png%20600w,%20https:\/www.giulini.it\/wp-content\/uploads\/2025\/01\/VILLA-PRIVATA-Norvegia_Giulini_rubinetteria-4-700x504.png%20700w,%20https:\/www.giulini.it\/wp-content\/uploads\/2025\/01\/VILLA-PRIVATA-Norvegia_Giulini_rubinetteria-4-768x553.png%20768w,%20https:\/www.giulini.it\/wp-content\/uploads\/2025\/01\/VILLA-PRIVATA-Norvegia_Giulini_rubinetteria-4-800x576.png%20800w,%20https:\/www.giulini.it\/wp-content\/uploads\/2025\/01\/VILLA-PRIVATA-Norvegia_Giulini_rubinetteria-4-1024x738.png%201024w,%20https:\/www.giulini.it\/wp-content\/uploads\/2025\/01\/VILLA-PRIVATA-Norvegia_Giulini_rubinetteria-4-1200x865.png%201200w,%20https:\/www.giulini.it\/wp-content\/uploads\/2025\/01\/VILLA-PRIVATA-Norvegia_Giulini_rubinetteria-4-1536x1107.png%201536w,%20https:\/www.giulini.it\/wp-content\/uploads\/2025\/01\/VILLA-PRIVATA-Norvegia_Giulini_rubinetteria-4.png%201564w\" sizes=\"(max-width: 1564px) 100vw, 1564px\" \/><\/p>\n<p>Badezimmer: Pamukkale-Travertin an den W\u00e4nden und am Boden; die Corian-Badewanne ruht auf Teakholzbalken; das Regal ist aus Metall; an der Decke wurden die Bretter eines alten Holzzauns wiederverwendet. Waschbecken und M\u00f6bel aus amerikanischem Nussbaum. Mischbatterie mit Dusche vonGiulini.  <\/p>\n<p><img decoding=\"async\" class=\"alignnone size-full wp-image-2667\" src=\"https:\/\/www.giulini.it\/wp-content\/uploads\/2025\/01\/VILLA-PRIVATA-Norvegia_Giulini_rubinetteria-5.png\" alt=\"PRIVATE VILLA - Norwegen\" width=\"1564\" height=\"1127\" srcset=\"https:\/\/www.giulini.it\/wp-content\/uploads\/2025\/01\/VILLA-PRIVATA-Norvegia_Giulini_rubinetteria-5-200x144.png%20200w,%20https:\/www.giulini.it\/wp-content\/uploads\/2025\/01\/VILLA-PRIVATA-Norvegia_Giulini_rubinetteria-5-300x216.png%20300w,%20https:\/www.giulini.it\/wp-content\/uploads\/2025\/01\/VILLA-PRIVATA-Norvegia_Giulini_rubinetteria-5-400x288.png%20400w,%20https:\/www.giulini.it\/wp-content\/uploads\/2025\/01\/VILLA-PRIVATA-Norvegia_Giulini_rubinetteria-5-500x360.png%20500w,%20https:\/www.giulini.it\/wp-content\/uploads\/2025\/01\/VILLA-PRIVATA-Norvegia_Giulini_rubinetteria-5-600x432.png%20600w,%20https:\/www.giulini.it\/wp-content\/uploads\/2025\/01\/VILLA-PRIVATA-Norvegia_Giulini_rubinetteria-5-700x504.png%20700w,%20https:\/www.giulini.it\/wp-content\/uploads\/2025\/01\/VILLA-PRIVATA-Norvegia_Giulini_rubinetteria-5-768x553.png%20768w,%20https:\/www.giulini.it\/wp-content\/uploads\/2025\/01\/VILLA-PRIVATA-Norvegia_Giulini_rubinetteria-5-800x576.png%20800w,%20https:\/www.giulini.it\/wp-content\/uploads\/2025\/01\/VILLA-PRIVATA-Norvegia_Giulini_rubinetteria-5-1024x738.png%201024w,%20https:\/www.giulini.it\/wp-content\/uploads\/2025\/01\/VILLA-PRIVATA-Norvegia_Giulini_rubinetteria-5-1200x865.png%201200w,%20https:\/www.giulini.it\/wp-content\/uploads\/2025\/01\/VILLA-PRIVATA-Norvegia_Giulini_rubinetteria-5-1536x1107.png%201536w,%20https:\/www.giulini.it\/wp-content\/uploads\/2025\/01\/VILLA-PRIVATA-Norvegia_Giulini_rubinetteria-5.png%201564w\" sizes=\"(max-width: 1564px) 100vw, 1564px\" \/><\/p>\n<p><img decoding=\"async\" class=\"alignnone size-full wp-image-2673\" src=\"https:\/\/www.giulini.it\/wp-content\/uploads\/2025\/01\/VILLA-PRIVATA-Norvegia_Giulini_rubinetteria-6.jpg\" alt=\"PRIVATE VILLA - Norwegen\" width=\"1564\" height=\"1127\" srcset=\"https:\/\/www.giulini.it\/wp-content\/uploads\/2025\/01\/VILLA-PRIVATA-Norvegia_Giulini_rubinetteria-6-200x144.jpg%20200w,%20https:\/www.giulini.it\/wp-content\/uploads\/2025\/01\/VILLA-PRIVATA-Norvegia_Giulini_rubinetteria-6-300x216.jpg%20300w,%20https:\/www.giulini.it\/wp-content\/uploads\/2025\/01\/VILLA-PRIVATA-Norvegia_Giulini_rubinetteria-6-400x288.jpg%20400w,%20https:\/www.giulini.it\/wp-content\/uploads\/2025\/01\/VILLA-PRIVATA-Norvegia_Giulini_rubinetteria-6-500x360.jpg%20500w,%20https:\/www.giulini.it\/wp-content\/uploads\/2025\/01\/VILLA-PRIVATA-Norvegia_Giulini_rubinetteria-6-600x432.jpg%20600w,%20https:\/www.giulini.it\/wp-content\/uploads\/2025\/01\/VILLA-PRIVATA-Norvegia_Giulini_rubinetteria-6-700x504.jpg%20700w,%20https:\/www.giulini.it\/wp-content\/uploads\/2025\/01\/VILLA-PRIVATA-Norvegia_Giulini_rubinetteria-6-768x553.jpg%20768w,%20https:\/www.giulini.it\/wp-content\/uploads\/2025\/01\/VILLA-PRIVATA-Norvegia_Giulini_rubinetteria-6-800x576.jpg%20800w,%20https:\/www.giulini.it\/wp-content\/uploads\/2025\/01\/VILLA-PRIVATA-Norvegia_Giulini_rubinetteria-6-1024x738.jpg%201024w,%20https:\/www.giulini.it\/wp-content\/uploads\/2025\/01\/VILLA-PRIVATA-Norvegia_Giulini_rubinetteria-6-1200x865.jpg%201200w,%20https:\/www.giulini.it\/wp-content\/uploads\/2025\/01\/VILLA-PRIVATA-Norvegia_Giulini_rubinetteria-6-1536x1107.jpg%201536w,%20https:\/www.giulini.it\/wp-content\/uploads\/2025\/01\/VILLA-PRIVATA-Norvegia_Giulini_rubinetteria-6.jpg%201564w\" sizes=\"(max-width: 1564px) 100vw, 1564px\" \/><\/p>\n<p>Fragment eines Badezimmers. Die Glastrennwand aus schwarzem Metall und Glas wurde auf Bestellung nach einer Skizze der Autoren des Projekts angefertigt. Das Waschbecken ist aus Nussbaumholz gefertigt.  <\/p>\n","protected":false},"excerpt":{"rendered":"<p>Ein wundersch\u00f6nes Projekt inmitten der Natur des Waldes &#8218;das Haus  [&#8230;]<\/p>\n","protected":false},"author":3,"featured_media":2664,"comment_status":"open","ping_status":"open","sticky":false,"template":"","format":"standard","meta":{"_bbp_topic_count":0,"_bbp_reply_count":0,"_bbp_total_topic_count":0,"_bbp_total_reply_count":0,"_bbp_voice_count":0,"_bbp_anonymous_reply_count":0,"_bbp_topic_count_hidden":0,"_bbp_reply_count_hidden":0,"_bbp_forum_subforum_count":0,"footnotes":""},"categories":[319],"tags":[],"class_list":["post-21248","post","type-post","status-publish","format-standard","has-post-thumbnail","hentry","category-g-gesprach"],"acf":[],"yoast_head":"<!-- This site is optimized with the Yoast SEO plugin v26.2 - https:\/\/yoast.com\/wordpress\/plugins\/seo\/ -->\n<title>PRIVATE VILLA - Norwegen - Rubinetterie Giulini<\/title>\n<meta name=\"robots\" content=\"index, follow, max-snippet:-1, max-image-preview:large, max-video-preview:-1\" \/>\n<link rel=\"canonical\" href=\"https:\/\/www.giulini.it\/de\/private-villa-norwegen\/\" \/>\n<meta property=\"og:locale\" content=\"de_DE\" \/>\n<meta property=\"og:type\" content=\"article\" \/>\n<meta property=\"og:title\" content=\"PRIVATE VILLA - Norwegen - Rubinetterie Giulini\" \/>\n<meta property=\"og:description\" content=\"Ein wundersch\u00f6nes Projekt inmitten der Natur des Waldes &#8218;das Haus [...]\" \/>\n<meta property=\"og:url\" content=\"https:\/\/www.giulini.it\/de\/private-villa-norwegen\/\" \/>\n<meta property=\"og:site_name\" content=\"Rubinetterie Giulini\" \/>\n<meta property=\"article:publisher\" content=\"https:\/\/www.facebook.com\/profile.php?id=61573782434677\" \/>\n<meta property=\"article:published_time\" content=\"2025-01-26T10:22:35+00:00\" \/>\n<meta property=\"article:modified_time\" content=\"2025-02-14T09:40:29+00:00\" \/>\n<meta property=\"og:image\" content=\"https:\/\/www.giulini.it\/wp-content\/uploads\/2025\/01\/8_G.Talk_anteprima_Giulini_rubinetteria.jpg\" \/>\n\t<meta property=\"og:image:width\" content=\"747\" \/>\n\t<meta property=\"og:image:height\" content=\"451\" \/>\n\t<meta property=\"og:image:type\" content=\"image\/jpeg\" \/>\n<meta name=\"author\" content=\"web.poletti\" \/>\n<meta name=\"twitter:card\" content=\"summary_large_image\" \/>\n<meta name=\"twitter:label1\" content=\"Verfasst von\" \/>\n\t<meta name=\"twitter:data1\" content=\"web.poletti\" \/>\n\t<meta name=\"twitter:label2\" content=\"Gesch\u00e4tzte Lesezeit\" \/>\n\t<meta name=\"twitter:data2\" content=\"1\u00a0Minute\" \/>\n<script type=\"application\/ld+json\" class=\"yoast-schema-graph\">{\"@context\":\"https:\/\/schema.org\",\"@graph\":[{\"@type\":\"Article\",\"@id\":\"https:\/\/www.giulini.it\/de\/private-villa-norwegen\/#article\",\"isPartOf\":{\"@id\":\"https:\/\/www.giulini.it\/de\/private-villa-norwegen\/\"},\"author\":{\"name\":\"web.poletti\",\"@id\":\"https:\/\/www.giulini.it\/#\/schema\/person\/a5c030e73f87c6f46520fed1a6c2ae1b\"},\"headline\":\"PRIVATE VILLA &#8211; Norwegen\",\"datePublished\":\"2025-01-26T10:22:35+00:00\",\"dateModified\":\"2025-02-14T09:40:29+00:00\",\"mainEntityOfPage\":{\"@id\":\"https:\/\/www.giulini.it\/de\/private-villa-norwegen\/\"},\"wordCount\":173,\"commentCount\":0,\"publisher\":{\"@id\":\"https:\/\/www.giulini.it\/#organization\"},\"image\":{\"@id\":\"https:\/\/www.giulini.it\/de\/private-villa-norwegen\/#primaryimage\"},\"thumbnailUrl\":\"https:\/\/www.giulini.it\/wp-content\/uploads\/2025\/01\/8_G.Talk_anteprima_Giulini_rubinetteria.jpg\",\"articleSection\":[\"G. Gespr\u00e4ch\"],\"inLanguage\":\"de\"},{\"@type\":\"WebPage\",\"@id\":\"https:\/\/www.giulini.it\/de\/private-villa-norwegen\/\",\"url\":\"https:\/\/www.giulini.it\/de\/private-villa-norwegen\/\",\"name\":\"PRIVATE VILLA - Norwegen - Rubinetterie Giulini\",\"isPartOf\":{\"@id\":\"https:\/\/www.giulini.it\/#website\"},\"primaryImageOfPage\":{\"@id\":\"https:\/\/www.giulini.it\/de\/private-villa-norwegen\/#primaryimage\"},\"image\":{\"@id\":\"https:\/\/www.giulini.it\/de\/private-villa-norwegen\/#primaryimage\"},\"thumbnailUrl\":\"https:\/\/www.giulini.it\/wp-content\/uploads\/2025\/01\/8_G.Talk_anteprima_Giulini_rubinetteria.jpg\",\"datePublished\":\"2025-01-26T10:22:35+00:00\",\"dateModified\":\"2025-02-14T09:40:29+00:00\",\"breadcrumb\":{\"@id\":\"https:\/\/www.giulini.it\/de\/private-villa-norwegen\/#breadcrumb\"},\"inLanguage\":\"de\",\"potentialAction\":[{\"@type\":\"ReadAction\",\"target\":[\"https:\/\/www.giulini.it\/de\/private-villa-norwegen\/\"]}]},{\"@type\":\"ImageObject\",\"inLanguage\":\"de\",\"@id\":\"https:\/\/www.giulini.it\/de\/private-villa-norwegen\/#primaryimage\",\"url\":\"https:\/\/www.giulini.it\/wp-content\/uploads\/2025\/01\/8_G.Talk_anteprima_Giulini_rubinetteria.jpg\",\"contentUrl\":\"https:\/\/www.giulini.it\/wp-content\/uploads\/2025\/01\/8_G.Talk_anteprima_Giulini_rubinetteria.jpg\",\"width\":747,\"height\":451,\"caption\":\"PRIVATE VILLA - Norwegen\"},{\"@type\":\"BreadcrumbList\",\"@id\":\"https:\/\/www.giulini.it\/de\/private-villa-norwegen\/#breadcrumb\",\"itemListElement\":[{\"@type\":\"ListItem\",\"position\":1,\"name\":\"Home\",\"item\":\"https:\/\/www.giulini.it\/de\/startseite\/\"},{\"@type\":\"ListItem\",\"position\":2,\"name\":\"PRIVATE VILLA &#8211; Norwegen\"}]},{\"@type\":\"WebSite\",\"@id\":\"https:\/\/www.giulini.it\/#website\",\"url\":\"https:\/\/www.giulini.it\/\",\"name\":\"Rubinetterie Giulini\",\"description\":\"\",\"publisher\":{\"@id\":\"https:\/\/www.giulini.it\/#organization\"},\"potentialAction\":[{\"@type\":\"SearchAction\",\"target\":{\"@type\":\"EntryPoint\",\"urlTemplate\":\"https:\/\/www.giulini.it\/?s=%7Bsearch_term_string%7D\"},\"query-input\":{\"@type\":\"PropertyValueSpecification\",\"valueRequired\":true,\"valueName\":\"search_term_string\"}}],\"inLanguage\":\"de\"},{\"@type\":\"Organization\",\"@id\":\"https:\/\/www.giulini.it\/#organization\",\"name\":\"Rubinetterie Giulini\",\"url\":\"https:\/\/www.giulini.it\/\",\"logo\":{\"@type\":\"ImageObject\",\"inLanguage\":\"de\",\"@id\":\"https:\/\/www.giulini.it\/#\/schema\/logo\/image\/\",\"url\":\"https:\/\/www.giulini.it\/wp-content\/uploads\/2025\/10\/Logo-GIULINI.svg\",\"contentUrl\":\"https:\/\/www.giulini.it\/wp-content\/uploads\/2025\/10\/Logo-GIULINI.svg\",\"width\":1036,\"height\":250,\"caption\":\"Rubinetterie Giulini\"},\"image\":{\"@id\":\"https:\/\/www.giulini.it\/#\/schema\/logo\/image\/\"},\"sameAs\":[\"https:\/\/www.facebook.com\/profile.php?id=61573782434677\"]},{\"@type\":\"Person\",\"@id\":\"https:\/\/www.giulini.it\/#\/schema\/person\/a5c030e73f87c6f46520fed1a6c2ae1b\",\"name\":\"web.poletti\",\"image\":{\"@type\":\"ImageObject\",\"inLanguage\":\"de\",\"@id\":\"https:\/\/www.giulini.it\/#\/schema\/person\/image\/\",\"url\":\"https:\/\/secure.gravatar.com\/avatar\/a261f135ad7ad669d67d641fa142af549de0f7550b06c40b811d6593a8095695?s=96&d=mm&r=g\",\"contentUrl\":\"https:\/\/secure.gravatar.com\/avatar\/a261f135ad7ad669d67d641fa142af549de0f7550b06c40b811d6593a8095695?s=96&d=mm&r=g\",\"caption\":\"web.poletti\"},\"url\":\"https:\/\/www.giulini.it\/de\/author\/web-poletti\/\"}]}<\/script>\n<!-- \/ Yoast SEO plugin. -->","yoast_head_json":{"title":"PRIVATE VILLA - Norwegen - Rubinetterie Giulini","robots":{"index":"index","follow":"follow","max-snippet":"max-snippet:-1","max-image-preview":"max-image-preview:large","max-video-preview":"max-video-preview:-1"},"canonical":"https:\/\/www.giulini.it\/de\/private-villa-norwegen\/","og_locale":"de_DE","og_type":"article","og_title":"PRIVATE VILLA - Norwegen - Rubinetterie Giulini","og_description":"Ein wundersch\u00f6nes Projekt inmitten der Natur des Waldes &#8218;das Haus [...]","og_url":"https:\/\/www.giulini.it\/de\/private-villa-norwegen\/","og_site_name":"Rubinetterie Giulini","article_publisher":"https:\/\/www.facebook.com\/profile.php?id=61573782434677","article_published_time":"2025-01-26T10:22:35+00:00","article_modified_time":"2025-02-14T09:40:29+00:00","og_image":[{"width":747,"height":451,"url":"https:\/\/www.giulini.it\/wp-content\/uploads\/2025\/01\/8_G.Talk_anteprima_Giulini_rubinetteria.jpg","type":"image\/jpeg"}],"author":"web.poletti","twitter_card":"summary_large_image","twitter_misc":{"Verfasst von":"web.poletti","Gesch\u00e4tzte Lesezeit":"1\u00a0Minute"},"schema":{"@context":"https:\/\/schema.org","@graph":[{"@type":"Article","@id":"https:\/\/www.giulini.it\/de\/private-villa-norwegen\/#article","isPartOf":{"@id":"https:\/\/www.giulini.it\/de\/private-villa-norwegen\/"},"author":{"name":"web.poletti","@id":"https:\/\/www.giulini.it\/#\/schema\/person\/a5c030e73f87c6f46520fed1a6c2ae1b"},"headline":"PRIVATE VILLA &#8211; Norwegen","datePublished":"2025-01-26T10:22:35+00:00","dateModified":"2025-02-14T09:40:29+00:00","mainEntityOfPage":{"@id":"https:\/\/www.giulini.it\/de\/private-villa-norwegen\/"},"wordCount":173,"commentCount":0,"publisher":{"@id":"https:\/\/www.giulini.it\/#organization"},"image":{"@id":"https:\/\/www.giulini.it\/de\/private-villa-norwegen\/#primaryimage"},"thumbnailUrl":"https:\/\/www.giulini.it\/wp-content\/uploads\/2025\/01\/8_G.Talk_anteprima_Giulini_rubinetteria.jpg","articleSection":["G. Gespr\u00e4ch"],"inLanguage":"de"},{"@type":"WebPage","@id":"https:\/\/www.giulini.it\/de\/private-villa-norwegen\/","url":"https:\/\/www.giulini.it\/de\/private-villa-norwegen\/","name":"PRIVATE VILLA - Norwegen - Rubinetterie Giulini","isPartOf":{"@id":"https:\/\/www.giulini.it\/#website"},"primaryImageOfPage":{"@id":"https:\/\/www.giulini.it\/de\/private-villa-norwegen\/#primaryimage"},"image":{"@id":"https:\/\/www.giulini.it\/de\/private-villa-norwegen\/#primaryimage"},"thumbnailUrl":"https:\/\/www.giulini.it\/wp-content\/uploads\/2025\/01\/8_G.Talk_anteprima_Giulini_rubinetteria.jpg","datePublished":"2025-01-26T10:22:35+00:00","dateModified":"2025-02-14T09:40:29+00:00","breadcrumb":{"@id":"https:\/\/www.giulini.it\/de\/private-villa-norwegen\/#breadcrumb"},"inLanguage":"de","potentialAction":[{"@type":"ReadAction","target":["https:\/\/www.giulini.it\/de\/private-villa-norwegen\/"]}]},{"@type":"ImageObject","inLanguage":"de","@id":"https:\/\/www.giulini.it\/de\/private-villa-norwegen\/#primaryimage","url":"https:\/\/www.giulini.it\/wp-content\/uploads\/2025\/01\/8_G.Talk_anteprima_Giulini_rubinetteria.jpg","contentUrl":"https:\/\/www.giulini.it\/wp-content\/uploads\/2025\/01\/8_G.Talk_anteprima_Giulini_rubinetteria.jpg","width":747,"height":451,"caption":"PRIVATE VILLA - Norwegen"},{"@type":"BreadcrumbList","@id":"https:\/\/www.giulini.it\/de\/private-villa-norwegen\/#breadcrumb","itemListElement":[{"@type":"ListItem","position":1,"name":"Home","item":"https:\/\/www.giulini.it\/de\/startseite\/"},{"@type":"ListItem","position":2,"name":"PRIVATE VILLA &#8211; Norwegen"}]},{"@type":"WebSite","@id":"https:\/\/www.giulini.it\/#website","url":"https:\/\/www.giulini.it\/","name":"Rubinetterie Giulini","description":"","publisher":{"@id":"https:\/\/www.giulini.it\/#organization"},"potentialAction":[{"@type":"SearchAction","target":{"@type":"EntryPoint","urlTemplate":"https:\/\/www.giulini.it\/?s=%7Bsearch_term_string%7D"},"query-input":{"@type":"PropertyValueSpecification","valueRequired":true,"valueName":"search_term_string"}}],"inLanguage":"de"},{"@type":"Organization","@id":"https:\/\/www.giulini.it\/#organization","name":"Rubinetterie Giulini","url":"https:\/\/www.giulini.it\/","logo":{"@type":"ImageObject","inLanguage":"de","@id":"https:\/\/www.giulini.it\/#\/schema\/logo\/image\/","url":"https:\/\/www.giulini.it\/wp-content\/uploads\/2025\/10\/Logo-GIULINI.svg","contentUrl":"https:\/\/www.giulini.it\/wp-content\/uploads\/2025\/10\/Logo-GIULINI.svg","width":1036,"height":250,"caption":"Rubinetterie Giulini"},"image":{"@id":"https:\/\/www.giulini.it\/#\/schema\/logo\/image\/"},"sameAs":["https:\/\/www.facebook.com\/profile.php?id=61573782434677"]},{"@type":"Person","@id":"https:\/\/www.giulini.it\/#\/schema\/person\/a5c030e73f87c6f46520fed1a6c2ae1b","name":"web.poletti","image":{"@type":"ImageObject","inLanguage":"de","@id":"https:\/\/www.giulini.it\/#\/schema\/person\/image\/","url":"https:\/\/secure.gravatar.com\/avatar\/a261f135ad7ad669d67d641fa142af549de0f7550b06c40b811d6593a8095695?s=96&d=mm&r=g","contentUrl":"https:\/\/secure.gravatar.com\/avatar\/a261f135ad7ad669d67d641fa142af549de0f7550b06c40b811d6593a8095695?s=96&d=mm&r=g","caption":"web.poletti"},"url":"https:\/\/www.giulini.it\/de\/author\/web-poletti\/"}]}},"_links":{"self":[{"href":"https:\/\/www.giulini.it\/de\/wp-json\/wp\/v2\/posts\/21248","targetHints":{"allow":["GET"]}}],"collection":[{"href":"https:\/\/www.giulini.it\/de\/wp-json\/wp\/v2\/posts"}],"about":[{"href":"https:\/\/www.giulini.it\/de\/wp-json\/wp\/v2\/types\/post"}],"author":[{"embeddable":true,"href":"https:\/\/www.giulini.it\/de\/wp-json\/wp\/v2\/users\/3"}],"replies":[{"embeddable":true,"href":"https:\/\/www.giulini.it\/de\/wp-json\/wp\/v2\/comments?post=21248"}],"version-history":[{"count":1,"href":"https:\/\/www.giulini.it\/de\/wp-json\/wp\/v2\/posts\/21248\/revisions"}],"predecessor-version":[{"id":32593,"href":"https:\/\/www.giulini.it\/de\/wp-json\/wp\/v2\/posts\/21248\/revisions\/32593"}],"wp:featuredmedia":[{"embeddable":true,"href":"https:\/\/www.giulini.it\/de\/wp-json\/wp\/v2\/media\/2664"}],"wp:attachment":[{"href":"https:\/\/www.giulini.it\/de\/wp-json\/wp\/v2\/media?parent=21248"}],"wp:term":[{"taxonomy":"category","embeddable":true,"href":"https:\/\/www.giulini.it\/de\/wp-json\/wp\/v2\/categories?post=21248"},{"taxonomy":"post_tag","embeddable":true,"href":"https:\/\/www.giulini.it\/de\/wp-json\/wp\/v2\/tags?post=21248"}],"curies":[{"name":"wp","href":"https:\/\/api.w.org\/{rel}","templated":true}]}}