{"id":36816,"date":"2026-01-20T15:13:58","date_gmt":"2026-01-20T14:13:58","guid":{"rendered":"https:\/\/www.giulini.it\/?p=36816"},"modified":"2026-01-20T15:14:02","modified_gmt":"2026-01-20T14:14:02","slug":"the-languages-of-time-internationale-ausstellung","status":"publish","type":"post","link":"https:\/\/www.giulini.it\/de\/the-languages-of-time-internationale-ausstellung\/","title":{"rendered":"THE LANGUAGES OF TIME &#8211; Internationale Ausstellung"},"content":{"rendered":"<p><strong>&#8222;Die Sprachen der Zeit im Design f\u00fcr ein besseres Leben&#8220;.<\/strong><\/p>\n<p>Giulini G. Rubinetteria hat zusammen mit anderen italienischen Spitzenk\u00fcnstlern an der Ausstellung &#8222;I linguaggi del tempo nel design per una vita migliore&#8220; (&#8222;Die Sprachen der Zeit im Design f\u00fcr ein besseres Leben&#8220;) teilgenommen, die im Italienischen Kulturinstitut von Almaty in Kasachstan stattfand. Eine 30-j\u00e4hrige Reise von 1995 bis 2025, in der das Design zyklisch die Sprache gewechselt hat und sich mit dem Ziel, die Welt um uns herum besser zu machen, weiterentwickelt und ver\u00e4ndert hat. <\/p>\n<p>Ausstellung kuratiert vom Architekten Marco Poletti, in Zusammenarbeit mit Gaia Zanotti.<\/p>\n<p><img decoding=\"async\" class=\"alignnone wp-image-36750 size-full\" src=\"https:\/\/www.giulini.it\/wp-content\/uploads\/2026\/01\/LDT_giulini_rubinetteria_1-1.png\" alt=\"\" width=\"1564\" height=\"625\" srcset=\"https:\/\/www.giulini.it\/wp-content\/uploads\/2026\/01\/LDT_giulini_rubinetteria_1-1-200x80.png%20200w,%20https:\/www.giulini.it\/wp-content\/uploads\/2026\/01\/LDT_giulini_rubinetteria_1-1-300x120.png%20300w,%20https:\/www.giulini.it\/wp-content\/uploads\/2026\/01\/LDT_giulini_rubinetteria_1-1-400x160.png%20400w,%20https:\/www.giulini.it\/wp-content\/uploads\/2026\/01\/LDT_giulini_rubinetteria_1-1-500x200.png%20500w,%20https:\/www.giulini.it\/wp-content\/uploads\/2026\/01\/LDT_giulini_rubinetteria_1-1-600x240.png%20600w,%20https:\/www.giulini.it\/wp-content\/uploads\/2026\/01\/LDT_giulini_rubinetteria_1-1-700x280.png%20700w,%20https:\/www.giulini.it\/wp-content\/uploads\/2026\/01\/LDT_giulini_rubinetteria_1-1-768x307.png%20768w,%20https:\/www.giulini.it\/wp-content\/uploads\/2026\/01\/LDT_giulini_rubinetteria_1-1-800x320.png%20800w,%20https:\/www.giulini.it\/wp-content\/uploads\/2026\/01\/LDT_giulini_rubinetteria_1-1-1024x409.png%201024w,%20https:\/www.giulini.it\/wp-content\/uploads\/2026\/01\/LDT_giulini_rubinetteria_1-1-1200x480.png%201200w,%20https:\/www.giulini.it\/wp-content\/uploads\/2026\/01\/LDT_giulini_rubinetteria_1-1-1536x614.png%201536w,%20https:\/www.giulini.it\/wp-content\/uploads\/2026\/01\/LDT_giulini_rubinetteria_1-1.png%201564w\" sizes=\"(max-width: 1564px) 100vw, 1564px\" \/><\/p>\n<p><img decoding=\"async\" class=\"wp-image-36756 size-full alignnone\" src=\"https:\/\/www.giulini.it\/wp-content\/uploads\/2026\/01\/LDT_giulini_rubinetteria_2-1.png\" alt=\"\" width=\"1564\" height=\"625\" srcset=\"https:\/\/www.giulini.it\/wp-content\/uploads\/2026\/01\/LDT_giulini_rubinetteria_2-1-200x80.png%20200w,%20https:\/www.giulini.it\/wp-content\/uploads\/2026\/01\/LDT_giulini_rubinetteria_2-1-300x120.png%20300w,%20https:\/www.giulini.it\/wp-content\/uploads\/2026\/01\/LDT_giulini_rubinetteria_2-1-400x160.png%20400w,%20https:\/www.giulini.it\/wp-content\/uploads\/2026\/01\/LDT_giulini_rubinetteria_2-1-500x200.png%20500w,%20https:\/www.giulini.it\/wp-content\/uploads\/2026\/01\/LDT_giulini_rubinetteria_2-1-600x240.png%20600w,%20https:\/www.giulini.it\/wp-content\/uploads\/2026\/01\/LDT_giulini_rubinetteria_2-1-700x280.png%20700w,%20https:\/www.giulini.it\/wp-content\/uploads\/2026\/01\/LDT_giulini_rubinetteria_2-1-768x307.png%20768w,%20https:\/www.giulini.it\/wp-content\/uploads\/2026\/01\/LDT_giulini_rubinetteria_2-1-800x320.png%20800w,%20https:\/www.giulini.it\/wp-content\/uploads\/2026\/01\/LDT_giulini_rubinetteria_2-1-1024x409.png%201024w,%20https:\/www.giulini.it\/wp-content\/uploads\/2026\/01\/LDT_giulini_rubinetteria_2-1-1200x480.png%201200w,%20https:\/www.giulini.it\/wp-content\/uploads\/2026\/01\/LDT_giulini_rubinetteria_2-1-1536x614.png%201536w,%20https:\/www.giulini.it\/wp-content\/uploads\/2026\/01\/LDT_giulini_rubinetteria_2-1.png%201564w\" sizes=\"(max-width: 1564px) 100vw, 1564px\" \/><\/p>\n<p>Bei der Er\u00f6ffnung der Ausstellung im Italienischen Kulturinstitut\/Space-D in Almaty, Kasachstan, in Anwesenheit des stellvertretenden Botschafters Petito Aniello, des Direktors des Italienischen Kulturinstituts Edoardo Crisafulli und des ICE-Direktors Martino Castellani.<\/p>\n<p><img decoding=\"async\" class=\"wp-image-36763 size-full aligncenter\" src=\"https:\/\/www.giulini.it\/wp-content\/uploads\/2026\/01\/LDT_giulini_rubinetteria_3-1.png\" alt=\"\" width=\"1026\" height=\"625\" srcset=\"https:\/\/www.giulini.it\/wp-content\/uploads\/2026\/01\/LDT_giulini_rubinetteria_3-1-200x122.png%20200w,%20https:\/www.giulini.it\/wp-content\/uploads\/2026\/01\/LDT_giulini_rubinetteria_3-1-300x183.png%20300w,%20https:\/www.giulini.it\/wp-content\/uploads\/2026\/01\/LDT_giulini_rubinetteria_3-1-400x244.png%20400w,%20https:\/www.giulini.it\/wp-content\/uploads\/2026\/01\/LDT_giulini_rubinetteria_3-1-500x305.png%20500w,%20https:\/www.giulini.it\/wp-content\/uploads\/2026\/01\/LDT_giulini_rubinetteria_3-1-600x365.png%20600w,%20https:\/www.giulini.it\/wp-content\/uploads\/2026\/01\/LDT_giulini_rubinetteria_3-1-700x426.png%20700w,%20https:\/www.giulini.it\/wp-content\/uploads\/2026\/01\/LDT_giulini_rubinetteria_3-1-768x468.png%20768w,%20https:\/www.giulini.it\/wp-content\/uploads\/2026\/01\/LDT_giulini_rubinetteria_3-1-800x487.png%20800w,%20https:\/www.giulini.it\/wp-content\/uploads\/2026\/01\/LDT_giulini_rubinetteria_3-1-1024x624.png%201024w,%20https:\/www.giulini.it\/wp-content\/uploads\/2026\/01\/LDT_giulini_rubinetteria_3-1.png%201026w\" sizes=\"(max-width: 1026px) 100vw, 1026px\" \/><\/p>\n<p>Die Ausstellung, die modular und diffus angelegt ist, machte einen Zwischenstopp in der renommierten kasachischen Designschule &#8218;KazGASA&#8216; und kehrte dann nach Italien zur\u00fcck. In Mailand, im Palazzo Bocconi. <\/p>\n<p><strong>Thema der Ausstellung<\/strong><\/p>\n<p><strong>&#8222;The Languages of Time in Design for a Better Life&#8220;<\/strong> erkl\u00e4rt nicht nur den kreativen Prozess des Designers, sondern zeigt vor allem, wie Design auf zyklische Weise den Wandel vorwegnimmt und danach strebt, die Lebensqualit\u00e4t zu verbessern und Ungleichheiten zu verringern.<br \/>\nDesign als Mittel zur Transformation ist ein Ansatz, der \u00fcber \u00c4sthetik und Funktionalit\u00e4t hinausgeht. Es ist eine strategische Disziplin, die Kreativit\u00e4t und Probleml\u00f6sung kombiniert, um positive Auswirkungen in gro\u00dfem Ma\u00dfstab zu erzielen. Es gibt viele Bereiche, in denen Design eine entscheidende Rolle als Mittel des Wandels spielt: soziale Innovation, \u00f6kologische Nachhaltigkeit, wirtschaftlicher Wandel, Technologie und Digitalisierung sowie R\u00e4ume und Gemeinschaften. In Synergie mit anderen Disziplinen hat das Design daher das Potenzial, die Menschheit in eine nachhaltigere, gerechtere und innovativere Zukunft zu f\u00fchren. Die Sprachen der Zeit sind Standpunkte, die sich durch einen evolution\u00e4ren Prozess in strategische Visionen verwandeln, innerhalb derer verschiedene Arten von Kapseln\/Edits Gestalt annehmen. Eine sich st\u00e4ndig weiterentwickelnde Spirale, die mit jedem Zyklus eine neue Sprache hervorbringt. Die Ausstellung &#8222;The Languages of Time in Design for a Better Life&#8220; veranschaulicht und erkl\u00e4rt anhand von 8 Zyklen, wie Design in der Lage war und ist, nicht nur aktuelle Bed\u00fcrfnisse, sondern auch zuk\u00fcnftige W\u00fcnsche und Bed\u00fcrfnisse zu entschl\u00fcsseln, zu interpretieren und zu antizipieren.      <\/p>\n<p><strong>Ziele der Ausstellung<\/strong><\/p>\n<p><strong> <\/strong>Design ist ein m\u00e4chtiges Instrument f\u00fcr den Wandel: Es verbindet Kreativit\u00e4t, Innovation und Strategie, um soziale, \u00f6kologische und wirtschaftliche Herausforderungen anzugehen. Seine F\u00e4higkeit, die Art und Weise, wie wir denken, leben und mit der Welt interagieren, zu beeinflussen, macht es zu einem Schl\u00fcsselinstrument, um positive Ver\u00e4nderungen voranzutreiben. Design als Vehikel f\u00fcr den Wandel ist ein Ansatz, der \u00fcber \u00c4sthetik und Funktionalit\u00e4t hinausgeht: Es verbindet Kreativit\u00e4t und Probleml\u00f6sungskompetenz, um gro\u00df angelegte positive Auswirkungen zu erzielen. In Synergie mit anderen Disziplinen kann es der Menschheit den Weg in eine nachhaltigere, gerechtere und innovativere Zukunft weisen. Ungleichheiten &#8211; sozial, wirtschaftlich, kulturell oder \u00f6kologisch &#8211; geh\u00f6ren zu den dr\u00e4ngendsten Herausforderungen unserer Zeit. Design kann als transformative Kraft wirken, um diese Ungleichheiten zu verringern und zu einem besseren Leben f\u00fcr alle beizutragen. Durch innovative und integrative L\u00f6sungen kann es Gleichheit, Gerechtigkeit und Wohlbefinden f\u00f6rdern.      <\/p>\n<p>Kurz gesagt, das Konzept der <strong>&#8218;Sprachen der Zeit&#8216;<\/strong> ist ein grundlegendes Element der Designphilosophie von Marco Poletti. Eine einzigartige und originelle Idee, die die verschiedenen Dimensionen der Zeit im Kreativ- und Produktionsprozess erforscht. Die Ausstellung ist die konkrete Antwort darauf.  <\/p>\n<p><strong>Giulini Produkte in der Ausstellung<\/strong><\/p>\n<p>FL\u00dcSSIGE ENTWICKLUNG &#8211; 2023\/ 2024<\/p>\n<p>My Future interpretiert perfekt das flie\u00dfende Kollektionskonzept dieser Sprache, bei der die M\u00f6glichkeit der Wahl der Oberfl\u00e4chen, der Deluxe-Verarbeitung und der RAL-Farbgebung dem Designer die Freiheit der vollst\u00e4ndigen Individualisierung gibt.<\/p>\n<p><img decoding=\"async\" class=\"alignnone wp-image-36802 size-full\" src=\"https:\/\/www.giulini.it\/wp-content\/uploads\/2026\/01\/LDT_giulini_rubinetteria_4-1.png\" alt=\"\" width=\"1564\" height=\"625\" srcset=\"https:\/\/www.giulini.it\/wp-content\/uploads\/2026\/01\/LDT_giulini_rubinetteria_4-1-200x80.png%20200w,%20https:\/www.giulini.it\/wp-content\/uploads\/2026\/01\/LDT_giulini_rubinetteria_4-1-300x120.png%20300w,%20https:\/www.giulini.it\/wp-content\/uploads\/2026\/01\/LDT_giulini_rubinetteria_4-1-400x160.png%20400w,%20https:\/www.giulini.it\/wp-content\/uploads\/2026\/01\/LDT_giulini_rubinetteria_4-1-500x200.png%20500w,%20https:\/www.giulini.it\/wp-content\/uploads\/2026\/01\/LDT_giulini_rubinetteria_4-1-600x240.png%20600w,%20https:\/www.giulini.it\/wp-content\/uploads\/2026\/01\/LDT_giulini_rubinetteria_4-1-700x280.png%20700w,%20https:\/www.giulini.it\/wp-content\/uploads\/2026\/01\/LDT_giulini_rubinetteria_4-1-768x307.png%20768w,%20https:\/www.giulini.it\/wp-content\/uploads\/2026\/01\/LDT_giulini_rubinetteria_4-1-800x320.png%20800w,%20https:\/www.giulini.it\/wp-content\/uploads\/2026\/01\/LDT_giulini_rubinetteria_4-1-1024x409.png%201024w,%20https:\/www.giulini.it\/wp-content\/uploads\/2026\/01\/LDT_giulini_rubinetteria_4-1-1200x480.png%201200w,%20https:\/www.giulini.it\/wp-content\/uploads\/2026\/01\/LDT_giulini_rubinetteria_4-1-1536x614.png%201536w,%20https:\/www.giulini.it\/wp-content\/uploads\/2026\/01\/LDT_giulini_rubinetteria_4-1.png%201564w\" sizes=\"(max-width: 1564px) 100vw, 1564px\" \/><\/p>\n<p>MEIN WEG &#8211; 2015\/2019<\/p>\n<p>EGO interpretiert den Charakter und die Identit\u00e4t des Unternehmens, indem es einen anderen, eigenen Weg mit klaren Zielen und definierten Strategien einschl\u00e4gt.<\/p>\n<p><img decoding=\"async\" class=\"alignnone wp-image-36796 size-full\" src=\"https:\/\/www.giulini.it\/wp-content\/uploads\/2026\/01\/LDT_giulini_rubinetteria_5-1.png\" alt=\"\" width=\"1564\" height=\"625\" srcset=\"https:\/\/www.giulini.it\/wp-content\/uploads\/2026\/01\/LDT_giulini_rubinetteria_5-1-200x80.png%20200w,%20https:\/www.giulini.it\/wp-content\/uploads\/2026\/01\/LDT_giulini_rubinetteria_5-1-300x120.png%20300w,%20https:\/www.giulini.it\/wp-content\/uploads\/2026\/01\/LDT_giulini_rubinetteria_5-1-400x160.png%20400w,%20https:\/www.giulini.it\/wp-content\/uploads\/2026\/01\/LDT_giulini_rubinetteria_5-1-500x200.png%20500w,%20https:\/www.giulini.it\/wp-content\/uploads\/2026\/01\/LDT_giulini_rubinetteria_5-1-600x240.png%20600w,%20https:\/www.giulini.it\/wp-content\/uploads\/2026\/01\/LDT_giulini_rubinetteria_5-1-700x280.png%20700w,%20https:\/www.giulini.it\/wp-content\/uploads\/2026\/01\/LDT_giulini_rubinetteria_5-1-768x307.png%20768w,%20https:\/www.giulini.it\/wp-content\/uploads\/2026\/01\/LDT_giulini_rubinetteria_5-1-800x320.png%20800w,%20https:\/www.giulini.it\/wp-content\/uploads\/2026\/01\/LDT_giulini_rubinetteria_5-1-1024x409.png%201024w,%20https:\/www.giulini.it\/wp-content\/uploads\/2026\/01\/LDT_giulini_rubinetteria_5-1-1200x480.png%201200w,%20https:\/www.giulini.it\/wp-content\/uploads\/2026\/01\/LDT_giulini_rubinetteria_5-1-1536x614.png%201536w,%20https:\/www.giulini.it\/wp-content\/uploads\/2026\/01\/LDT_giulini_rubinetteria_5-1.png%201564w\" sizes=\"(max-width: 1564px) 100vw, 1564px\" \/><\/p>\n<p><strong>Kuratorische Erkl\u00e4rung &#8211; Architekt und Designer Marco Poletti<\/strong><\/p>\n<p>&#8222;Meine Reise als Designer und Architekt begann 1995, als ich meine ersten Kollektionen f\u00fcr italienische Unternehmen entwarf. Was als Leidenschaft begann, wurde bald zum Beruf: nicht nur designen, sondern vor anderen die richtige Richtung erkennen, mit einem Team Strategien entwickeln und eine lebenslange Reise teilen. Aber es war immer viel mehr als das.  <\/p>\n<p>Mir wurde klar, dass Design schon immer ein starker Motor f\u00fcr Ver\u00e4nderungen war. Eine Disziplin, die in Synergie mit anderen das Potenzial hat, die Menschheit in eine nachhaltigere, gerechtere und innovativere Zukunft zu f\u00fchren. <\/p>\n<p>Diese Ausstellung ist ein greifbares Beispiel daf\u00fcr, wie Design den Wandel vorwegnehmen und f\u00f6rdern kann und uns zu einem besseren Leben f\u00fchrt.<\/p>\n<p>Die Idee, &#8222;die Sprachen der Zeit zu antizipieren&#8220;, dr\u00fcckt in Marco Polettis Ansatz f\u00fcr Design und Architektur eine innovative und zukunftsorientierte Vision aus. Dieses Konzept spiegelt die F\u00e4higkeit wider, aufkommende Trends und Entwicklungen in der Welt des Designs im Voraus zu erkennen und zu interpretieren. <\/p>\n<p>F\u00fcr Marco Poletti bedeutet &#8218;die Sprachen der Zeit vorwegnehmen&#8216; im Wesentlichen, dass er danach strebt, an der Spitze von Design und Architektur zu bleiben &#8211; in der Lage, neue Herausforderungen und M\u00f6glichkeiten zu erfassen und zu nutzen, sobald sie entstehen. Es ist ein Ansatz, der Offenheit f\u00fcr Innovationen und eine kontinuierliche Suche nach Ideen und L\u00f6sungen erfordert, die die Zukunft nicht nur vorwegnehmen, sondern sie auch mitgestalten.&#8220; <\/p>\n<p><strong>Ausstellung verteilt &#8211; KazGASA, Almaty &amp; Palazzo Bocconi, Mailand<\/strong><\/p>\n<p>In der renommierten KazGASA-Universit\u00e4t in Almaty werden die Giulini-Sammlungen im Rahmen der Ausstellung &#8218;Die Sprachen der Zeit&#8216; in einem Ad-hoc-Rahmen gezeigt.<br \/>\nSie stechen hervor: EGO f\u00fcr seinen starken Charakter und My Future f\u00fcr seine Vielseitigkeit.<\/p>\n<p><img decoding=\"async\" class=\"alignnone wp-image-36769 size-full\" src=\"https:\/\/www.giulini.it\/wp-content\/uploads\/2026\/01\/LDT_giulini_rubinetteria_6-1.png\" alt=\"\" width=\"1564\" height=\"625\" srcset=\"https:\/\/www.giulini.it\/wp-content\/uploads\/2026\/01\/LDT_giulini_rubinetteria_6-1-200x80.png%20200w,%20https:\/www.giulini.it\/wp-content\/uploads\/2026\/01\/LDT_giulini_rubinetteria_6-1-300x120.png%20300w,%20https:\/www.giulini.it\/wp-content\/uploads\/2026\/01\/LDT_giulini_rubinetteria_6-1-400x160.png%20400w,%20https:\/www.giulini.it\/wp-content\/uploads\/2026\/01\/LDT_giulini_rubinetteria_6-1-500x200.png%20500w,%20https:\/www.giulini.it\/wp-content\/uploads\/2026\/01\/LDT_giulini_rubinetteria_6-1-600x240.png%20600w,%20https:\/www.giulini.it\/wp-content\/uploads\/2026\/01\/LDT_giulini_rubinetteria_6-1-700x280.png%20700w,%20https:\/www.giulini.it\/wp-content\/uploads\/2026\/01\/LDT_giulini_rubinetteria_6-1-768x307.png%20768w,%20https:\/www.giulini.it\/wp-content\/uploads\/2026\/01\/LDT_giulini_rubinetteria_6-1-800x320.png%20800w,%20https:\/www.giulini.it\/wp-content\/uploads\/2026\/01\/LDT_giulini_rubinetteria_6-1-1024x409.png%201024w,%20https:\/www.giulini.it\/wp-content\/uploads\/2026\/01\/LDT_giulini_rubinetteria_6-1-1200x480.png%201200w,%20https:\/www.giulini.it\/wp-content\/uploads\/2026\/01\/LDT_giulini_rubinetteria_6-1-1536x614.png%201536w,%20https:\/www.giulini.it\/wp-content\/uploads\/2026\/01\/LDT_giulini_rubinetteria_6-1.png%201564w\" sizes=\"(max-width: 1564px) 100vw, 1564px\" \/><\/p>\n<p><img decoding=\"async\" class=\"alignnone wp-image-36775 size-full\" src=\"https:\/\/www.giulini.it\/wp-content\/uploads\/2026\/01\/LDT_giulini_rubinetteria_7-1.png\" alt=\"\" width=\"1564\" height=\"625\" srcset=\"https:\/\/www.giulini.it\/wp-content\/uploads\/2026\/01\/LDT_giulini_rubinetteria_7-1-200x80.png%20200w,%20https:\/www.giulini.it\/wp-content\/uploads\/2026\/01\/LDT_giulini_rubinetteria_7-1-300x120.png%20300w,%20https:\/www.giulini.it\/wp-content\/uploads\/2026\/01\/LDT_giulini_rubinetteria_7-1-400x160.png%20400w,%20https:\/www.giulini.it\/wp-content\/uploads\/2026\/01\/LDT_giulini_rubinetteria_7-1-500x200.png%20500w,%20https:\/www.giulini.it\/wp-content\/uploads\/2026\/01\/LDT_giulini_rubinetteria_7-1-600x240.png%20600w,%20https:\/www.giulini.it\/wp-content\/uploads\/2026\/01\/LDT_giulini_rubinetteria_7-1-700x280.png%20700w,%20https:\/www.giulini.it\/wp-content\/uploads\/2026\/01\/LDT_giulini_rubinetteria_7-1-768x307.png%20768w,%20https:\/www.giulini.it\/wp-content\/uploads\/2026\/01\/LDT_giulini_rubinetteria_7-1-800x320.png%20800w,%20https:\/www.giulini.it\/wp-content\/uploads\/2026\/01\/LDT_giulini_rubinetteria_7-1-1024x409.png%201024w,%20https:\/www.giulini.it\/wp-content\/uploads\/2026\/01\/LDT_giulini_rubinetteria_7-1-1200x480.png%201200w,%20https:\/www.giulini.it\/wp-content\/uploads\/2026\/01\/LDT_giulini_rubinetteria_7-1-1536x614.png%201536w,%20https:\/www.giulini.it\/wp-content\/uploads\/2026\/01\/LDT_giulini_rubinetteria_7-1.png%201564w\" sizes=\"(max-width: 1564px) 100vw, 1564px\" \/><\/p>\n<p>Im Palazzo Bocconi, einem prestigetr\u00e4chtigen Ort im exklusiven Zentrum von Mailand, wird Giulini Rubinetteria w\u00e4hrend der Fashion Week im Rahmen der Ausstellung &#8222;I linguaggi del tempo&#8220; vertreten sein.<br \/>\nEbenfalls nach dem Konzept einer diffusen Ausstellung wurde das Layout entworfen, um w\u00e4hrend der Modewoche den magischen Moment der Emerging Talents Mailand Modenschau und die Welt des Designs zwischen Kreativit\u00e4t und Luxus zu interpretieren. Au\u00dferdem wurde die Ausstellung &#8218;The languages of time in design for a better life&#8216; von Marco Poletti und Gaia Zanotti pr\u00e4sentiert. <\/p>\n<p><img decoding=\"async\" class=\"alignnone wp-image-36781 size-full\" src=\"https:\/\/www.giulini.it\/wp-content\/uploads\/2026\/01\/LDT_giulini_rubinetteria_8-1.png\" alt=\"\" width=\"1564\" height=\"625\" srcset=\"https:\/\/www.giulini.it\/wp-content\/uploads\/2026\/01\/LDT_giulini_rubinetteria_8-1-200x80.png%20200w,%20https:\/www.giulini.it\/wp-content\/uploads\/2026\/01\/LDT_giulini_rubinetteria_8-1-300x120.png%20300w,%20https:\/www.giulini.it\/wp-content\/uploads\/2026\/01\/LDT_giulini_rubinetteria_8-1-400x160.png%20400w,%20https:\/www.giulini.it\/wp-content\/uploads\/2026\/01\/LDT_giulini_rubinetteria_8-1-500x200.png%20500w,%20https:\/www.giulini.it\/wp-content\/uploads\/2026\/01\/LDT_giulini_rubinetteria_8-1-600x240.png%20600w,%20https:\/www.giulini.it\/wp-content\/uploads\/2026\/01\/LDT_giulini_rubinetteria_8-1-700x280.png%20700w,%20https:\/www.giulini.it\/wp-content\/uploads\/2026\/01\/LDT_giulini_rubinetteria_8-1-768x307.png%20768w,%20https:\/www.giulini.it\/wp-content\/uploads\/2026\/01\/LDT_giulini_rubinetteria_8-1-800x320.png%20800w,%20https:\/www.giulini.it\/wp-content\/uploads\/2026\/01\/LDT_giulini_rubinetteria_8-1-1024x409.png%201024w,%20https:\/www.giulini.it\/wp-content\/uploads\/2026\/01\/LDT_giulini_rubinetteria_8-1-1200x480.png%201200w,%20https:\/www.giulini.it\/wp-content\/uploads\/2026\/01\/LDT_giulini_rubinetteria_8-1-1536x614.png%201536w,%20https:\/www.giulini.it\/wp-content\/uploads\/2026\/01\/LDT_giulini_rubinetteria_8-1.png%201564w\" sizes=\"(max-width: 1564px) 100vw, 1564px\" \/><\/p>\n<p><img decoding=\"async\" class=\"alignnone wp-image-36787 size-full\" src=\"https:\/\/www.giulini.it\/wp-content\/uploads\/2026\/01\/LDT_giulini_rubinetteria_9-1.png\" alt=\"\" width=\"1564\" height=\"625\" srcset=\"https:\/\/www.giulini.it\/wp-content\/uploads\/2026\/01\/LDT_giulini_rubinetteria_9-1-200x80.png%20200w,%20https:\/www.giulini.it\/wp-content\/uploads\/2026\/01\/LDT_giulini_rubinetteria_9-1-300x120.png%20300w,%20https:\/www.giulini.it\/wp-content\/uploads\/2026\/01\/LDT_giulini_rubinetteria_9-1-400x160.png%20400w,%20https:\/www.giulini.it\/wp-content\/uploads\/2026\/01\/LDT_giulini_rubinetteria_9-1-500x200.png%20500w,%20https:\/www.giulini.it\/wp-content\/uploads\/2026\/01\/LDT_giulini_rubinetteria_9-1-600x240.png%20600w,%20https:\/www.giulini.it\/wp-content\/uploads\/2026\/01\/LDT_giulini_rubinetteria_9-1-700x280.png%20700w,%20https:\/www.giulini.it\/wp-content\/uploads\/2026\/01\/LDT_giulini_rubinetteria_9-1-768x307.png%20768w,%20https:\/www.giulini.it\/wp-content\/uploads\/2026\/01\/LDT_giulini_rubinetteria_9-1-800x320.png%20800w,%20https:\/www.giulini.it\/wp-content\/uploads\/2026\/01\/LDT_giulini_rubinetteria_9-1-1024x409.png%201024w,%20https:\/www.giulini.it\/wp-content\/uploads\/2026\/01\/LDT_giulini_rubinetteria_9-1-1200x480.png%201200w,%20https:\/www.giulini.it\/wp-content\/uploads\/2026\/01\/LDT_giulini_rubinetteria_9-1-1536x614.png%201536w,%20https:\/www.giulini.it\/wp-content\/uploads\/2026\/01\/LDT_giulini_rubinetteria_9-1.png%201564w\" sizes=\"(max-width: 1564px) 100vw, 1564px\" \/><\/p>\n<p><strong>Kuratiert von <\/strong><a href=\"https:\/\/www.instagram.com\/marco_poletti_architetto\/\"><strong>@marco_poletti_architekt<\/strong><\/a><strong> in Zusammenarbeit mit <\/strong><a href=\"https:\/\/www.instagram.com\/gaiazanotti.design\/\"><strong>@gaiazanotti.design<\/strong><\/a><strong>.<\/strong><strong><br \/>\nPartner: <\/strong><a href=\"https:\/\/www.instagram.com\/italyinkazakhstan\/\"><strong>@italyinkazakhstan<\/strong><\/a><strong> <\/strong><a href=\"https:\/\/www.instagram.com\/iicalmaty\/\"><strong>@iicalmaty<\/strong><\/a><strong> <\/strong><a href=\"https:\/\/www.instagram.com\/itaalmaty\/\"><strong>@itaalmaty<\/strong><\/a><strong> <\/strong><a href=\"https:\/\/www.instagram.com\/kazgasa.kz\/\"><strong>@kazgasa.kz<\/strong><\/a><strong> <\/strong><a href=\"https:\/\/www.instagram.com\/dna_madeinitaly\/\"><strong>@dna_madeinitaly<\/strong><\/a><\/p>\n","protected":false},"excerpt":{"rendered":"<p>&#8222;Die Sprachen der Zeit im Design f\u00fcr ein besseres Leben&#8220;.  [&#8230;]<\/p>\n","protected":false},"author":5,"featured_media":36889,"comment_status":"closed","ping_status":"closed","sticky":false,"template":"","format":"standard","meta":{"_bbp_topic_count":0,"_bbp_reply_count":0,"_bbp_total_topic_count":0,"_bbp_total_reply_count":0,"_bbp_voice_count":0,"_bbp_anonymous_reply_count":0,"_bbp_topic_count_hidden":0,"_bbp_reply_count_hidden":0,"_bbp_forum_subforum_count":0,"footnotes":""},"categories":[319],"tags":[],"class_list":["post-36816","post","type-post","status-publish","format-standard","has-post-thumbnail","hentry","category-g-gesprach"],"acf":[],"yoast_head":"<!-- This site is optimized with the Yoast SEO plugin v26.2 - https:\/\/yoast.com\/wordpress\/plugins\/seo\/ -->\n<title>THE LANGUAGES OF TIME - Internationale Ausstellung - Rubinetterie Giulini<\/title>\n<meta name=\"robots\" content=\"index, follow, max-snippet:-1, max-image-preview:large, max-video-preview:-1\" \/>\n<link rel=\"canonical\" href=\"https:\/\/www.giulini.it\/de\/the-languages-of-time-internationale-ausstellung\/\" \/>\n<meta property=\"og:locale\" content=\"de_DE\" \/>\n<meta property=\"og:type\" content=\"article\" \/>\n<meta property=\"og:title\" content=\"THE LANGUAGES OF TIME - Internationale Ausstellung - Rubinetterie Giulini\" \/>\n<meta property=\"og:description\" content=\"&#8222;Die Sprachen der Zeit im Design f\u00fcr ein besseres Leben&#8220;. [...]\" \/>\n<meta property=\"og:url\" content=\"https:\/\/www.giulini.it\/de\/the-languages-of-time-internationale-ausstellung\/\" \/>\n<meta property=\"og:site_name\" content=\"Rubinetterie Giulini\" \/>\n<meta property=\"article:publisher\" content=\"https:\/\/www.facebook.com\/profile.php?id=61573782434677\" \/>\n<meta property=\"article:published_time\" content=\"2026-01-20T14:13:58+00:00\" \/>\n<meta property=\"article:modified_time\" content=\"2026-01-20T14:14:02+00:00\" \/>\n<meta property=\"og:image\" content=\"https:\/\/www.giulini.it\/wp-content\/uploads\/2026\/01\/LDT_giulini_rubinetteria_1-1-1024x409.png\" \/>\n\t<meta property=\"og:image:width\" content=\"1024\" \/>\n\t<meta property=\"og:image:height\" content=\"409\" \/>\n\t<meta property=\"og:image:type\" content=\"image\/png\" \/>\n<meta name=\"author\" content=\"Gaia\" \/>\n<meta name=\"twitter:card\" content=\"summary_large_image\" \/>\n<meta name=\"twitter:label1\" content=\"Verfasst von\" \/>\n\t<meta name=\"twitter:data1\" content=\"Gaia\" \/>\n\t<meta name=\"twitter:label2\" content=\"Gesch\u00e4tzte Lesezeit\" \/>\n\t<meta name=\"twitter:data2\" content=\"5\u00a0Minuten\" \/>\n<script type=\"application\/ld+json\" class=\"yoast-schema-graph\">{\"@context\":\"https:\/\/schema.org\",\"@graph\":[{\"@type\":\"Article\",\"@id\":\"https:\/\/www.giulini.it\/de\/the-languages-of-time-internationale-ausstellung\/#article\",\"isPartOf\":{\"@id\":\"https:\/\/www.giulini.it\/de\/the-languages-of-time-internationale-ausstellung\/\"},\"author\":{\"name\":\"Gaia\",\"@id\":\"https:\/\/www.giulini.it\/#\/schema\/person\/d84a3e7d0827bce2b06481363205e8fe\"},\"headline\":\"THE LANGUAGES OF TIME &#8211; Internationale Ausstellung\",\"datePublished\":\"2026-01-20T14:13:58+00:00\",\"dateModified\":\"2026-01-20T14:14:02+00:00\",\"mainEntityOfPage\":{\"@id\":\"https:\/\/www.giulini.it\/de\/the-languages-of-time-internationale-ausstellung\/\"},\"wordCount\":1055,\"publisher\":{\"@id\":\"https:\/\/www.giulini.it\/#organization\"},\"image\":{\"@id\":\"https:\/\/www.giulini.it\/de\/the-languages-of-time-internationale-ausstellung\/#primaryimage\"},\"thumbnailUrl\":\"https:\/\/www.giulini.it\/wp-content\/uploads\/2026\/01\/LDT_anteprima_giulini_rubinetteria-1.png\",\"articleSection\":[\"G. Gespr\u00e4ch\"],\"inLanguage\":\"de\"},{\"@type\":\"WebPage\",\"@id\":\"https:\/\/www.giulini.it\/de\/the-languages-of-time-internationale-ausstellung\/\",\"url\":\"https:\/\/www.giulini.it\/de\/the-languages-of-time-internationale-ausstellung\/\",\"name\":\"THE LANGUAGES OF TIME - Internationale Ausstellung - Rubinetterie Giulini\",\"isPartOf\":{\"@id\":\"https:\/\/www.giulini.it\/#website\"},\"primaryImageOfPage\":{\"@id\":\"https:\/\/www.giulini.it\/de\/the-languages-of-time-internationale-ausstellung\/#primaryimage\"},\"image\":{\"@id\":\"https:\/\/www.giulini.it\/de\/the-languages-of-time-internationale-ausstellung\/#primaryimage\"},\"thumbnailUrl\":\"https:\/\/www.giulini.it\/wp-content\/uploads\/2026\/01\/LDT_anteprima_giulini_rubinetteria-1.png\",\"datePublished\":\"2026-01-20T14:13:58+00:00\",\"dateModified\":\"2026-01-20T14:14:02+00:00\",\"breadcrumb\":{\"@id\":\"https:\/\/www.giulini.it\/de\/the-languages-of-time-internationale-ausstellung\/#breadcrumb\"},\"inLanguage\":\"de\",\"potentialAction\":[{\"@type\":\"ReadAction\",\"target\":[\"https:\/\/www.giulini.it\/de\/the-languages-of-time-internationale-ausstellung\/\"]}]},{\"@type\":\"ImageObject\",\"inLanguage\":\"de\",\"@id\":\"https:\/\/www.giulini.it\/de\/the-languages-of-time-internationale-ausstellung\/#primaryimage\",\"url\":\"https:\/\/www.giulini.it\/wp-content\/uploads\/2026\/01\/LDT_anteprima_giulini_rubinetteria-1.png\",\"contentUrl\":\"https:\/\/www.giulini.it\/wp-content\/uploads\/2026\/01\/LDT_anteprima_giulini_rubinetteria-1.png\",\"width\":747,\"height\":451},{\"@type\":\"BreadcrumbList\",\"@id\":\"https:\/\/www.giulini.it\/de\/the-languages-of-time-internationale-ausstellung\/#breadcrumb\",\"itemListElement\":[{\"@type\":\"ListItem\",\"position\":1,\"name\":\"Home\",\"item\":\"https:\/\/www.giulini.it\/de\/startseite\/\"},{\"@type\":\"ListItem\",\"position\":2,\"name\":\"THE LANGUAGES OF TIME &#8211; Internationale Ausstellung\"}]},{\"@type\":\"WebSite\",\"@id\":\"https:\/\/www.giulini.it\/#website\",\"url\":\"https:\/\/www.giulini.it\/\",\"name\":\"Rubinetterie Giulini\",\"description\":\"\",\"publisher\":{\"@id\":\"https:\/\/www.giulini.it\/#organization\"},\"potentialAction\":[{\"@type\":\"SearchAction\",\"target\":{\"@type\":\"EntryPoint\",\"urlTemplate\":\"https:\/\/www.giulini.it\/?s=%7Bsearch_term_string%7D\"},\"query-input\":{\"@type\":\"PropertyValueSpecification\",\"valueRequired\":true,\"valueName\":\"search_term_string\"}}],\"inLanguage\":\"de\"},{\"@type\":\"Organization\",\"@id\":\"https:\/\/www.giulini.it\/#organization\",\"name\":\"Rubinetterie Giulini\",\"url\":\"https:\/\/www.giulini.it\/\",\"logo\":{\"@type\":\"ImageObject\",\"inLanguage\":\"de\",\"@id\":\"https:\/\/www.giulini.it\/#\/schema\/logo\/image\/\",\"url\":\"https:\/\/www.giulini.it\/wp-content\/uploads\/2025\/10\/Logo-GIULINI.svg\",\"contentUrl\":\"https:\/\/www.giulini.it\/wp-content\/uploads\/2025\/10\/Logo-GIULINI.svg\",\"width\":1036,\"height\":250,\"caption\":\"Rubinetterie Giulini\"},\"image\":{\"@id\":\"https:\/\/www.giulini.it\/#\/schema\/logo\/image\/\"},\"sameAs\":[\"https:\/\/www.facebook.com\/profile.php?id=61573782434677\"]},{\"@type\":\"Person\",\"@id\":\"https:\/\/www.giulini.it\/#\/schema\/person\/d84a3e7d0827bce2b06481363205e8fe\",\"name\":\"Gaia\",\"image\":{\"@type\":\"ImageObject\",\"inLanguage\":\"de\",\"@id\":\"https:\/\/www.giulini.it\/#\/schema\/person\/image\/\",\"url\":\"https:\/\/secure.gravatar.com\/avatar\/6606b49563a430305a73b914c9bf5a1ca47779abbbb04ec4428c1931022afe50?s=96&d=mm&r=g\",\"contentUrl\":\"https:\/\/secure.gravatar.com\/avatar\/6606b49563a430305a73b914c9bf5a1ca47779abbbb04ec4428c1931022afe50?s=96&d=mm&r=g\",\"caption\":\"Gaia\"},\"url\":\"https:\/\/www.giulini.it\/de\/author\/webmaster\/\"}]}<\/script>\n<!-- \/ Yoast SEO plugin. -->","yoast_head_json":{"title":"THE LANGUAGES OF TIME - Internationale Ausstellung - Rubinetterie Giulini","robots":{"index":"index","follow":"follow","max-snippet":"max-snippet:-1","max-image-preview":"max-image-preview:large","max-video-preview":"max-video-preview:-1"},"canonical":"https:\/\/www.giulini.it\/de\/the-languages-of-time-internationale-ausstellung\/","og_locale":"de_DE","og_type":"article","og_title":"THE LANGUAGES OF TIME - Internationale Ausstellung - Rubinetterie Giulini","og_description":"&#8222;Die Sprachen der Zeit im Design f\u00fcr ein besseres Leben&#8220;. [...]","og_url":"https:\/\/www.giulini.it\/de\/the-languages-of-time-internationale-ausstellung\/","og_site_name":"Rubinetterie Giulini","article_publisher":"https:\/\/www.facebook.com\/profile.php?id=61573782434677","article_published_time":"2026-01-20T14:13:58+00:00","article_modified_time":"2026-01-20T14:14:02+00:00","og_image":[{"width":1024,"height":409,"url":"https:\/\/www.giulini.it\/wp-content\/uploads\/2026\/01\/LDT_giulini_rubinetteria_1-1-1024x409.png","type":"image\/png"}],"author":"Gaia","twitter_card":"summary_large_image","twitter_misc":{"Verfasst von":"Gaia","Gesch\u00e4tzte Lesezeit":"5\u00a0Minuten"},"schema":{"@context":"https:\/\/schema.org","@graph":[{"@type":"Article","@id":"https:\/\/www.giulini.it\/de\/the-languages-of-time-internationale-ausstellung\/#article","isPartOf":{"@id":"https:\/\/www.giulini.it\/de\/the-languages-of-time-internationale-ausstellung\/"},"author":{"name":"Gaia","@id":"https:\/\/www.giulini.it\/#\/schema\/person\/d84a3e7d0827bce2b06481363205e8fe"},"headline":"THE LANGUAGES OF TIME &#8211; Internationale Ausstellung","datePublished":"2026-01-20T14:13:58+00:00","dateModified":"2026-01-20T14:14:02+00:00","mainEntityOfPage":{"@id":"https:\/\/www.giulini.it\/de\/the-languages-of-time-internationale-ausstellung\/"},"wordCount":1055,"publisher":{"@id":"https:\/\/www.giulini.it\/#organization"},"image":{"@id":"https:\/\/www.giulini.it\/de\/the-languages-of-time-internationale-ausstellung\/#primaryimage"},"thumbnailUrl":"https:\/\/www.giulini.it\/wp-content\/uploads\/2026\/01\/LDT_anteprima_giulini_rubinetteria-1.png","articleSection":["G. Gespr\u00e4ch"],"inLanguage":"de"},{"@type":"WebPage","@id":"https:\/\/www.giulini.it\/de\/the-languages-of-time-internationale-ausstellung\/","url":"https:\/\/www.giulini.it\/de\/the-languages-of-time-internationale-ausstellung\/","name":"THE LANGUAGES OF TIME - Internationale Ausstellung - Rubinetterie Giulini","isPartOf":{"@id":"https:\/\/www.giulini.it\/#website"},"primaryImageOfPage":{"@id":"https:\/\/www.giulini.it\/de\/the-languages-of-time-internationale-ausstellung\/#primaryimage"},"image":{"@id":"https:\/\/www.giulini.it\/de\/the-languages-of-time-internationale-ausstellung\/#primaryimage"},"thumbnailUrl":"https:\/\/www.giulini.it\/wp-content\/uploads\/2026\/01\/LDT_anteprima_giulini_rubinetteria-1.png","datePublished":"2026-01-20T14:13:58+00:00","dateModified":"2026-01-20T14:14:02+00:00","breadcrumb":{"@id":"https:\/\/www.giulini.it\/de\/the-languages-of-time-internationale-ausstellung\/#breadcrumb"},"inLanguage":"de","potentialAction":[{"@type":"ReadAction","target":["https:\/\/www.giulini.it\/de\/the-languages-of-time-internationale-ausstellung\/"]}]},{"@type":"ImageObject","inLanguage":"de","@id":"https:\/\/www.giulini.it\/de\/the-languages-of-time-internationale-ausstellung\/#primaryimage","url":"https:\/\/www.giulini.it\/wp-content\/uploads\/2026\/01\/LDT_anteprima_giulini_rubinetteria-1.png","contentUrl":"https:\/\/www.giulini.it\/wp-content\/uploads\/2026\/01\/LDT_anteprima_giulini_rubinetteria-1.png","width":747,"height":451},{"@type":"BreadcrumbList","@id":"https:\/\/www.giulini.it\/de\/the-languages-of-time-internationale-ausstellung\/#breadcrumb","itemListElement":[{"@type":"ListItem","position":1,"name":"Home","item":"https:\/\/www.giulini.it\/de\/startseite\/"},{"@type":"ListItem","position":2,"name":"THE LANGUAGES OF TIME &#8211; Internationale Ausstellung"}]},{"@type":"WebSite","@id":"https:\/\/www.giulini.it\/#website","url":"https:\/\/www.giulini.it\/","name":"Rubinetterie Giulini","description":"","publisher":{"@id":"https:\/\/www.giulini.it\/#organization"},"potentialAction":[{"@type":"SearchAction","target":{"@type":"EntryPoint","urlTemplate":"https:\/\/www.giulini.it\/?s=%7Bsearch_term_string%7D"},"query-input":{"@type":"PropertyValueSpecification","valueRequired":true,"valueName":"search_term_string"}}],"inLanguage":"de"},{"@type":"Organization","@id":"https:\/\/www.giulini.it\/#organization","name":"Rubinetterie Giulini","url":"https:\/\/www.giulini.it\/","logo":{"@type":"ImageObject","inLanguage":"de","@id":"https:\/\/www.giulini.it\/#\/schema\/logo\/image\/","url":"https:\/\/www.giulini.it\/wp-content\/uploads\/2025\/10\/Logo-GIULINI.svg","contentUrl":"https:\/\/www.giulini.it\/wp-content\/uploads\/2025\/10\/Logo-GIULINI.svg","width":1036,"height":250,"caption":"Rubinetterie Giulini"},"image":{"@id":"https:\/\/www.giulini.it\/#\/schema\/logo\/image\/"},"sameAs":["https:\/\/www.facebook.com\/profile.php?id=61573782434677"]},{"@type":"Person","@id":"https:\/\/www.giulini.it\/#\/schema\/person\/d84a3e7d0827bce2b06481363205e8fe","name":"Gaia","image":{"@type":"ImageObject","inLanguage":"de","@id":"https:\/\/www.giulini.it\/#\/schema\/person\/image\/","url":"https:\/\/secure.gravatar.com\/avatar\/6606b49563a430305a73b914c9bf5a1ca47779abbbb04ec4428c1931022afe50?s=96&d=mm&r=g","contentUrl":"https:\/\/secure.gravatar.com\/avatar\/6606b49563a430305a73b914c9bf5a1ca47779abbbb04ec4428c1931022afe50?s=96&d=mm&r=g","caption":"Gaia"},"url":"https:\/\/www.giulini.it\/de\/author\/webmaster\/"}]}},"_links":{"self":[{"href":"https:\/\/www.giulini.it\/de\/wp-json\/wp\/v2\/posts\/36816","targetHints":{"allow":["GET"]}}],"collection":[{"href":"https:\/\/www.giulini.it\/de\/wp-json\/wp\/v2\/posts"}],"about":[{"href":"https:\/\/www.giulini.it\/de\/wp-json\/wp\/v2\/types\/post"}],"author":[{"embeddable":true,"href":"https:\/\/www.giulini.it\/de\/wp-json\/wp\/v2\/users\/5"}],"replies":[{"embeddable":true,"href":"https:\/\/www.giulini.it\/de\/wp-json\/wp\/v2\/comments?post=36816"}],"version-history":[{"count":1,"href":"https:\/\/www.giulini.it\/de\/wp-json\/wp\/v2\/posts\/36816\/revisions"}],"predecessor-version":[{"id":36894,"href":"https:\/\/www.giulini.it\/de\/wp-json\/wp\/v2\/posts\/36816\/revisions\/36894"}],"wp:featuredmedia":[{"embeddable":true,"href":"https:\/\/www.giulini.it\/de\/wp-json\/wp\/v2\/media\/36889"}],"wp:attachment":[{"href":"https:\/\/www.giulini.it\/de\/wp-json\/wp\/v2\/media?parent=36816"}],"wp:term":[{"taxonomy":"category","embeddable":true,"href":"https:\/\/www.giulini.it\/de\/wp-json\/wp\/v2\/categories?post=36816"},{"taxonomy":"post_tag","embeddable":true,"href":"https:\/\/www.giulini.it\/de\/wp-json\/wp\/v2\/tags?post=36816"}],"curies":[{"name":"wp","href":"https:\/\/api.w.org\/{rel}","templated":true}]}}