{"id":21235,"date":"2025-01-26T11:50:38","date_gmt":"2025-01-26T10:50:38","guid":{"rendered":"https:\/\/dev.giulini.it\/apartamento-privado-elahiyeh-teheran\/"},"modified":"2025-02-14T10:40:16","modified_gmt":"2025-02-14T09:40:16","slug":"apartamento-privado-elahiyeh-teheran","status":"publish","type":"post","link":"https:\/\/www.giulini.it\/es\/apartamento-privado-elahiyeh-teheran\/","title":{"rendered":"APARTAMENTO PRIVADO &#8211; Elahiyeh, Teher\u00e1n"},"content":{"rendered":"<p>El piso residencial Sarv, de 450 metros cuadrados, est\u00e1 situado en Elahiyeh, Teher\u00e1n.<\/p>\n<p><img decoding=\"async\" class=\"alignnone size-full wp-image-2888\" src=\"https:\/\/www.giulini.it\/wp-content\/uploads\/2025\/01\/PRIVATE-APARTMENT-Elahiyeh-Teheran-1.jpg\" alt=\"APARTAMENTO PRIVADO - Elahiyeh, Teher\u00e1n\" width=\"1564\" height=\"1040\" srcset=\"https:\/\/www.giulini.it\/wp-content\/uploads\/2025\/01\/PRIVATE-APARTMENT-Elahiyeh-Teheran-1-200x133.jpg%20200w,%20https:\/www.giulini.it\/wp-content\/uploads\/2025\/01\/PRIVATE-APARTMENT-Elahiyeh-Teheran-1-300x199.jpg%20300w,%20https:\/www.giulini.it\/wp-content\/uploads\/2025\/01\/PRIVATE-APARTMENT-Elahiyeh-Teheran-1-400x266.jpg%20400w,%20https:\/www.giulini.it\/wp-content\/uploads\/2025\/01\/PRIVATE-APARTMENT-Elahiyeh-Teheran-1-500x332.jpg%20500w,%20https:\/www.giulini.it\/wp-content\/uploads\/2025\/01\/PRIVATE-APARTMENT-Elahiyeh-Teheran-1-600x399.jpg%20600w,%20https:\/www.giulini.it\/wp-content\/uploads\/2025\/01\/PRIVATE-APARTMENT-Elahiyeh-Teheran-1-700x465.jpg%20700w,%20https:\/www.giulini.it\/wp-content\/uploads\/2025\/01\/PRIVATE-APARTMENT-Elahiyeh-Teheran-1-768x511.jpg%20768w,%20https:\/www.giulini.it\/wp-content\/uploads\/2025\/01\/PRIVATE-APARTMENT-Elahiyeh-Teheran-1-800x532.jpg%20800w,%20https:\/www.giulini.it\/wp-content\/uploads\/2025\/01\/PRIVATE-APARTMENT-Elahiyeh-Teheran-1-1024x681.jpg%201024w,%20https:\/www.giulini.it\/wp-content\/uploads\/2025\/01\/PRIVATE-APARTMENT-Elahiyeh-Teheran-1-1200x798.jpg%201200w,%20https:\/www.giulini.it\/wp-content\/uploads\/2025\/01\/PRIVATE-APARTMENT-Elahiyeh-Teheran-1-1536x1021.jpg%201536w,%20https:\/www.giulini.it\/wp-content\/uploads\/2025\/01\/PRIVATE-APARTMENT-Elahiyeh-Teheran-1.jpg%201564w\" sizes=\"(max-width: 1564px) 100vw, 1564px\" \/><\/p>\n<p><img decoding=\"async\" class=\"alignnone size-full wp-image-2894\" src=\"https:\/\/www.giulini.it\/wp-content\/uploads\/2025\/01\/PRIVATE-APARTMENT-Elahiyeh-Teheran-2.jpg\" alt=\"APARTAMENTO PRIVADO - Elahiyeh, Teher\u00e1n\" width=\"1564\" height=\"1040\" srcset=\"https:\/\/www.giulini.it\/wp-content\/uploads\/2025\/01\/PRIVATE-APARTMENT-Elahiyeh-Teheran-2-200x133.jpg%20200w,%20https:\/www.giulini.it\/wp-content\/uploads\/2025\/01\/PRIVATE-APARTMENT-Elahiyeh-Teheran-2-300x199.jpg%20300w,%20https:\/www.giulini.it\/wp-content\/uploads\/2025\/01\/PRIVATE-APARTMENT-Elahiyeh-Teheran-2-400x266.jpg%20400w,%20https:\/www.giulini.it\/wp-content\/uploads\/2025\/01\/PRIVATE-APARTMENT-Elahiyeh-Teheran-2-500x332.jpg%20500w,%20https:\/www.giulini.it\/wp-content\/uploads\/2025\/01\/PRIVATE-APARTMENT-Elahiyeh-Teheran-2-600x399.jpg%20600w,%20https:\/www.giulini.it\/wp-content\/uploads\/2025\/01\/PRIVATE-APARTMENT-Elahiyeh-Teheran-2-700x465.jpg%20700w,%20https:\/www.giulini.it\/wp-content\/uploads\/2025\/01\/PRIVATE-APARTMENT-Elahiyeh-Teheran-2-768x511.jpg%20768w,%20https:\/www.giulini.it\/wp-content\/uploads\/2025\/01\/PRIVATE-APARTMENT-Elahiyeh-Teheran-2-800x532.jpg%20800w,%20https:\/www.giulini.it\/wp-content\/uploads\/2025\/01\/PRIVATE-APARTMENT-Elahiyeh-Teheran-2-1024x681.jpg%201024w,%20https:\/www.giulini.it\/wp-content\/uploads\/2025\/01\/PRIVATE-APARTMENT-Elahiyeh-Teheran-2-1200x798.jpg%201200w,%20https:\/www.giulini.it\/wp-content\/uploads\/2025\/01\/PRIVATE-APARTMENT-Elahiyeh-Teheran-2-1536x1021.jpg%201536w,%20https:\/www.giulini.it\/wp-content\/uploads\/2025\/01\/PRIVATE-APARTMENT-Elahiyeh-Teheran-2.jpg%201564w\" sizes=\"(max-width: 1564px) 100vw, 1564px\" \/><\/p>\n<p>La grifer\u00eda elegida es de Giulini con MyRing Deluxe para ba\u00f1o y cocina. Su concepto coherente integr\u00f3 espacios abiertos y residenciales y le dio una vitalidad especial. El enfoque minimalista de la planificaci\u00f3n y el dise\u00f1o interior con detalles elaborados cre\u00f3 elegancia visual.<\/p>\n<p><img decoding=\"async\" class=\"alignnone size-full wp-image-2900\" src=\"https:\/\/www.giulini.it\/wp-content\/uploads\/2025\/01\/PRIVATE-APARTMENT-Elahiyeh-Teheran-3.jpg\" alt=\"APARTAMENTO PRIVADO - Elahiyeh, Teher\u00e1n\" width=\"1564\" height=\"783\" srcset=\"https:\/\/www.giulini.it\/wp-content\/uploads\/2025\/01\/PRIVATE-APARTMENT-Elahiyeh-Teheran-3-200x100.jpg%20200w,%20https:\/www.giulini.it\/wp-content\/uploads\/2025\/01\/PRIVATE-APARTMENT-Elahiyeh-Teheran-3-300x150.jpg%20300w,%20https:\/www.giulini.it\/wp-content\/uploads\/2025\/01\/PRIVATE-APARTMENT-Elahiyeh-Teheran-3-400x200.jpg%20400w,%20https:\/www.giulini.it\/wp-content\/uploads\/2025\/01\/PRIVATE-APARTMENT-Elahiyeh-Teheran-3-500x250.jpg%20500w,%20https:\/www.giulini.it\/wp-content\/uploads\/2025\/01\/PRIVATE-APARTMENT-Elahiyeh-Teheran-3-600x300.jpg%20600w,%20https:\/www.giulini.it\/wp-content\/uploads\/2025\/01\/PRIVATE-APARTMENT-Elahiyeh-Teheran-3-700x350.jpg%20700w,%20https:\/www.giulini.it\/wp-content\/uploads\/2025\/01\/PRIVATE-APARTMENT-Elahiyeh-Teheran-3-768x384.jpg%20768w,%20https:\/www.giulini.it\/wp-content\/uploads\/2025\/01\/PRIVATE-APARTMENT-Elahiyeh-Teheran-3-800x401.jpg%20800w,%20https:\/www.giulini.it\/wp-content\/uploads\/2025\/01\/PRIVATE-APARTMENT-Elahiyeh-Teheran-3-1024x513.jpg%201024w,%20https:\/www.giulini.it\/wp-content\/uploads\/2025\/01\/PRIVATE-APARTMENT-Elahiyeh-Teheran-3-1200x601.jpg%201200w,%20https:\/www.giulini.it\/wp-content\/uploads\/2025\/01\/PRIVATE-APARTMENT-Elahiyeh-Teheran-3-1536x769.jpg%201536w,%20https:\/www.giulini.it\/wp-content\/uploads\/2025\/01\/PRIVATE-APARTMENT-Elahiyeh-Teheran-3.jpg%201564w\" sizes=\"(max-width: 1564px) 100vw, 1564px\" \/><\/p>\n<p><img decoding=\"async\" class=\"alignnone size-full wp-image-2906\" src=\"https:\/\/www.giulini.it\/wp-content\/uploads\/2025\/01\/PRIVATE-APARTMENT-Elahiyeh-Teheran-4.jpg\" alt=\"APARTAMENTO PRIVADO - Elahiyeh, Teher\u00e1n\" width=\"1564\" height=\"1040\" srcset=\"https:\/\/www.giulini.it\/wp-content\/uploads\/2025\/01\/PRIVATE-APARTMENT-Elahiyeh-Teheran-4-200x133.jpg%20200w,%20https:\/www.giulini.it\/wp-content\/uploads\/2025\/01\/PRIVATE-APARTMENT-Elahiyeh-Teheran-4-300x199.jpg%20300w,%20https:\/www.giulini.it\/wp-content\/uploads\/2025\/01\/PRIVATE-APARTMENT-Elahiyeh-Teheran-4-400x266.jpg%20400w,%20https:\/www.giulini.it\/wp-content\/uploads\/2025\/01\/PRIVATE-APARTMENT-Elahiyeh-Teheran-4-500x332.jpg%20500w,%20https:\/www.giulini.it\/wp-content\/uploads\/2025\/01\/PRIVATE-APARTMENT-Elahiyeh-Teheran-4-600x399.jpg%20600w,%20https:\/www.giulini.it\/wp-content\/uploads\/2025\/01\/PRIVATE-APARTMENT-Elahiyeh-Teheran-4-700x465.jpg%20700w,%20https:\/www.giulini.it\/wp-content\/uploads\/2025\/01\/PRIVATE-APARTMENT-Elahiyeh-Teheran-4-768x511.jpg%20768w,%20https:\/www.giulini.it\/wp-content\/uploads\/2025\/01\/PRIVATE-APARTMENT-Elahiyeh-Teheran-4-800x532.jpg%20800w,%20https:\/www.giulini.it\/wp-content\/uploads\/2025\/01\/PRIVATE-APARTMENT-Elahiyeh-Teheran-4-1024x681.jpg%201024w,%20https:\/www.giulini.it\/wp-content\/uploads\/2025\/01\/PRIVATE-APARTMENT-Elahiyeh-Teheran-4-1200x798.jpg%201200w,%20https:\/www.giulini.it\/wp-content\/uploads\/2025\/01\/PRIVATE-APARTMENT-Elahiyeh-Teheran-4-1536x1021.jpg%201536w,%20https:\/www.giulini.it\/wp-content\/uploads\/2025\/01\/PRIVATE-APARTMENT-Elahiyeh-Teheran-4.jpg%201564w\" sizes=\"(max-width: 1564px) 100vw, 1564px\" \/><\/p>\n<p><img decoding=\"async\" class=\"alignnone size-full wp-image-2912\" src=\"https:\/\/www.giulini.it\/wp-content\/uploads\/2025\/01\/PRIVATE-APARTMENT-Elahiyeh-Teheran-5.jpg\" alt=\"APARTAMENTO PRIVADO - Elahiyeh, Teher\u00e1n\" width=\"1564\" height=\"1040\" srcset=\"https:\/\/www.giulini.it\/wp-content\/uploads\/2025\/01\/PRIVATE-APARTMENT-Elahiyeh-Teheran-5-200x133.jpg%20200w,%20https:\/www.giulini.it\/wp-content\/uploads\/2025\/01\/PRIVATE-APARTMENT-Elahiyeh-Teheran-5-300x199.jpg%20300w,%20https:\/www.giulini.it\/wp-content\/uploads\/2025\/01\/PRIVATE-APARTMENT-Elahiyeh-Teheran-5-400x266.jpg%20400w,%20https:\/www.giulini.it\/wp-content\/uploads\/2025\/01\/PRIVATE-APARTMENT-Elahiyeh-Teheran-5-500x332.jpg%20500w,%20https:\/www.giulini.it\/wp-content\/uploads\/2025\/01\/PRIVATE-APARTMENT-Elahiyeh-Teheran-5-600x399.jpg%20600w,%20https:\/www.giulini.it\/wp-content\/uploads\/2025\/01\/PRIVATE-APARTMENT-Elahiyeh-Teheran-5-700x465.jpg%20700w,%20https:\/www.giulini.it\/wp-content\/uploads\/2025\/01\/PRIVATE-APARTMENT-Elahiyeh-Teheran-5-768x511.jpg%20768w,%20https:\/www.giulini.it\/wp-content\/uploads\/2025\/01\/PRIVATE-APARTMENT-Elahiyeh-Teheran-5-800x532.jpg%20800w,%20https:\/www.giulini.it\/wp-content\/uploads\/2025\/01\/PRIVATE-APARTMENT-Elahiyeh-Teheran-5-1024x681.jpg%201024w,%20https:\/www.giulini.it\/wp-content\/uploads\/2025\/01\/PRIVATE-APARTMENT-Elahiyeh-Teheran-5-1200x798.jpg%201200w,%20https:\/www.giulini.it\/wp-content\/uploads\/2025\/01\/PRIVATE-APARTMENT-Elahiyeh-Teheran-5-1536x1021.jpg%201536w,%20https:\/www.giulini.it\/wp-content\/uploads\/2025\/01\/PRIVATE-APARTMENT-Elahiyeh-Teheran-5.jpg%201564w\" sizes=\"(max-width: 1564px) 100vw, 1564px\" \/><\/p>\n<p><img decoding=\"async\" class=\"alignnone size-full wp-image-2924\" src=\"https:\/\/www.giulini.it\/wp-content\/uploads\/2025\/01\/PRIVATE-APARTMENT-Elahiyeh-Teheran-7.jpg\" alt=\"APARTAMENTO PRIVADO - Elahiyeh, Teher\u00e1n\" width=\"1564\" height=\"1040\" srcset=\"https:\/\/www.giulini.it\/wp-content\/uploads\/2025\/01\/PRIVATE-APARTMENT-Elahiyeh-Teheran-7-200x133.jpg%20200w,%20https:\/www.giulini.it\/wp-content\/uploads\/2025\/01\/PRIVATE-APARTMENT-Elahiyeh-Teheran-7-300x199.jpg%20300w,%20https:\/www.giulini.it\/wp-content\/uploads\/2025\/01\/PRIVATE-APARTMENT-Elahiyeh-Teheran-7-400x266.jpg%20400w,%20https:\/www.giulini.it\/wp-content\/uploads\/2025\/01\/PRIVATE-APARTMENT-Elahiyeh-Teheran-7-500x332.jpg%20500w,%20https:\/www.giulini.it\/wp-content\/uploads\/2025\/01\/PRIVATE-APARTMENT-Elahiyeh-Teheran-7-600x399.jpg%20600w,%20https:\/www.giulini.it\/wp-content\/uploads\/2025\/01\/PRIVATE-APARTMENT-Elahiyeh-Teheran-7-700x465.jpg%20700w,%20https:\/www.giulini.it\/wp-content\/uploads\/2025\/01\/PRIVATE-APARTMENT-Elahiyeh-Teheran-7-768x511.jpg%20768w,%20https:\/www.giulini.it\/wp-content\/uploads\/2025\/01\/PRIVATE-APARTMENT-Elahiyeh-Teheran-7-800x532.jpg%20800w,%20https:\/www.giulini.it\/wp-content\/uploads\/2025\/01\/PRIVATE-APARTMENT-Elahiyeh-Teheran-7-1024x681.jpg%201024w,%20https:\/www.giulini.it\/wp-content\/uploads\/2025\/01\/PRIVATE-APARTMENT-Elahiyeh-Teheran-7-1200x798.jpg%201200w,%20https:\/www.giulini.it\/wp-content\/uploads\/2025\/01\/PRIVATE-APARTMENT-Elahiyeh-Teheran-7-1536x1021.jpg%201536w,%20https:\/www.giulini.it\/wp-content\/uploads\/2025\/01\/PRIVATE-APARTMENT-Elahiyeh-Teheran-7.jpg%201564w\" sizes=\"(max-width: 1564px) 100vw, 1564px\" \/><\/p>\n<p>Dos propuestas estil\u00edsticas para los cuartos de ba\u00f1o del proyecto SarvResidential, donde un dise\u00f1o refinado se realza y embellece con MyRyng Deluxe en acabado bronce mate y grafito.<\/p>\n<p><img decoding=\"async\" class=\"alignnone size-full wp-image-2930\" src=\"https:\/\/www.giulini.it\/wp-content\/uploads\/2025\/01\/PRIVATE-APARTMENT-Elahiyeh-Teheran-8.png\" alt=\"APARTAMENTO PRIVADO - Elahiyeh, Teher\u00e1n\" width=\"1564\" height=\"1132\" srcset=\"https:\/\/www.giulini.it\/wp-content\/uploads\/2025\/01\/PRIVATE-APARTMENT-Elahiyeh-Teheran-8-200x145.png%20200w,%20https:\/www.giulini.it\/wp-content\/uploads\/2025\/01\/PRIVATE-APARTMENT-Elahiyeh-Teheran-8-300x217.png%20300w,%20https:\/www.giulini.it\/wp-content\/uploads\/2025\/01\/PRIVATE-APARTMENT-Elahiyeh-Teheran-8-400x290.png%20400w,%20https:\/www.giulini.it\/wp-content\/uploads\/2025\/01\/PRIVATE-APARTMENT-Elahiyeh-Teheran-8-500x362.png%20500w,%20https:\/www.giulini.it\/wp-content\/uploads\/2025\/01\/PRIVATE-APARTMENT-Elahiyeh-Teheran-8-600x434.png%20600w,%20https:\/www.giulini.it\/wp-content\/uploads\/2025\/01\/PRIVATE-APARTMENT-Elahiyeh-Teheran-8-700x507.png%20700w,%20https:\/www.giulini.it\/wp-content\/uploads\/2025\/01\/PRIVATE-APARTMENT-Elahiyeh-Teheran-8-768x556.png%20768w,%20https:\/www.giulini.it\/wp-content\/uploads\/2025\/01\/PRIVATE-APARTMENT-Elahiyeh-Teheran-8-800x579.png%20800w,%20https:\/www.giulini.it\/wp-content\/uploads\/2025\/01\/PRIVATE-APARTMENT-Elahiyeh-Teheran-8-1024x741.png%201024w,%20https:\/www.giulini.it\/wp-content\/uploads\/2025\/01\/PRIVATE-APARTMENT-Elahiyeh-Teheran-8-1200x869.png%201200w,%20https:\/www.giulini.it\/wp-content\/uploads\/2025\/01\/PRIVATE-APARTMENT-Elahiyeh-Teheran-8-1536x1112.png%201536w,%20https:\/www.giulini.it\/wp-content\/uploads\/2025\/01\/PRIVATE-APARTMENT-Elahiyeh-Teheran-8.png%201564w\" sizes=\"(max-width: 1564px) 100vw, 1564px\" \/><\/p>\n<p><img decoding=\"async\" class=\"alignnone size-full wp-image-2876\" src=\"https:\/\/www.giulini.it\/wp-content\/uploads\/2025\/01\/PRIVATE-APARTMENT-Elahiyeh-Teheran-9.jpg\" alt=\"APARTAMENTO PRIVADO - Elahiyeh, Teher\u00e1n\" width=\"1564\" height=\"1040\" srcset=\"https:\/\/www.giulini.it\/wp-content\/uploads\/2025\/01\/PRIVATE-APARTMENT-Elahiyeh-Teheran-9-200x133.jpg%20200w,%20https:\/www.giulini.it\/wp-content\/uploads\/2025\/01\/PRIVATE-APARTMENT-Elahiyeh-Teheran-9-300x199.jpg%20300w,%20https:\/www.giulini.it\/wp-content\/uploads\/2025\/01\/PRIVATE-APARTMENT-Elahiyeh-Teheran-9-400x266.jpg%20400w,%20https:\/www.giulini.it\/wp-content\/uploads\/2025\/01\/PRIVATE-APARTMENT-Elahiyeh-Teheran-9-500x332.jpg%20500w,%20https:\/www.giulini.it\/wp-content\/uploads\/2025\/01\/PRIVATE-APARTMENT-Elahiyeh-Teheran-9-600x399.jpg%20600w,%20https:\/www.giulini.it\/wp-content\/uploads\/2025\/01\/PRIVATE-APARTMENT-Elahiyeh-Teheran-9-700x465.jpg%20700w,%20https:\/www.giulini.it\/wp-content\/uploads\/2025\/01\/PRIVATE-APARTMENT-Elahiyeh-Teheran-9-768x511.jpg%20768w,%20https:\/www.giulini.it\/wp-content\/uploads\/2025\/01\/PRIVATE-APARTMENT-Elahiyeh-Teheran-9-800x532.jpg%20800w,%20https:\/www.giulini.it\/wp-content\/uploads\/2025\/01\/PRIVATE-APARTMENT-Elahiyeh-Teheran-9-1024x681.jpg%201024w,%20https:\/www.giulini.it\/wp-content\/uploads\/2025\/01\/PRIVATE-APARTMENT-Elahiyeh-Teheran-9-1200x798.jpg%201200w,%20https:\/www.giulini.it\/wp-content\/uploads\/2025\/01\/PRIVATE-APARTMENT-Elahiyeh-Teheran-9-1536x1021.jpg%201536w,%20https:\/www.giulini.it\/wp-content\/uploads\/2025\/01\/PRIVATE-APARTMENT-Elahiyeh-Teheran-9.jpg%201564w\" sizes=\"(max-width: 1564px) 100vw, 1564px\" \/><\/p>\n<p><img decoding=\"async\" class=\"alignnone size-full wp-image-2882\" src=\"https:\/\/www.giulini.it\/wp-content\/uploads\/2025\/01\/PRIVATE-APARTMENT-Elahiyeh-Teheran-10.png\" alt=\"APARTAMENTO PRIVADO - Elahiyeh, Teher\u00e1n\" width=\"1564\" height=\"1120\" srcset=\"https:\/\/www.giulini.it\/wp-content\/uploads\/2025\/01\/PRIVATE-APARTMENT-Elahiyeh-Teheran-10-200x143.png%20200w,%20https:\/www.giulini.it\/wp-content\/uploads\/2025\/01\/PRIVATE-APARTMENT-Elahiyeh-Teheran-10-300x214.png%20300w,%20https:\/www.giulini.it\/wp-content\/uploads\/2025\/01\/PRIVATE-APARTMENT-Elahiyeh-Teheran-10-400x286.png%20400w,%20https:\/www.giulini.it\/wp-content\/uploads\/2025\/01\/PRIVATE-APARTMENT-Elahiyeh-Teheran-10-500x358.png%20500w,%20https:\/www.giulini.it\/wp-content\/uploads\/2025\/01\/PRIVATE-APARTMENT-Elahiyeh-Teheran-10-600x430.png%20600w,%20https:\/www.giulini.it\/wp-content\/uploads\/2025\/01\/PRIVATE-APARTMENT-Elahiyeh-Teheran-10-700x501.png%20700w,%20https:\/www.giulini.it\/wp-content\/uploads\/2025\/01\/PRIVATE-APARTMENT-Elahiyeh-Teheran-10-768x550.png%20768w,%20https:\/www.giulini.it\/wp-content\/uploads\/2025\/01\/PRIVATE-APARTMENT-Elahiyeh-Teheran-10-800x573.png%20800w,%20https:\/www.giulini.it\/wp-content\/uploads\/2025\/01\/PRIVATE-APARTMENT-Elahiyeh-Teheran-10-1024x733.png%201024w,%20https:\/www.giulini.it\/wp-content\/uploads\/2025\/01\/PRIVATE-APARTMENT-Elahiyeh-Teheran-10-1200x859.png%201200w,%20https:\/www.giulini.it\/wp-content\/uploads\/2025\/01\/PRIVATE-APARTMENT-Elahiyeh-Teheran-10-1536x1100.png%201536w,%20https:\/www.giulini.it\/wp-content\/uploads\/2025\/01\/PRIVATE-APARTMENT-Elahiyeh-Teheran-10.png%201564w\" sizes=\"(max-width: 1564px) 100vw, 1564px\" \/><\/p>\n<p><strong>Dise\u00f1o arquitect\u00f3nico:<\/strong> Econtext co.<br \/>\n<strong>Arquitecto principal:<\/strong> <a href=\"https:\/\/www.instagram.com\/sohagolafshan?utm_source=ig_web_button_share_sheet&amp;igsh=ZDNlZDc0MzIxNw==\" target=\"_blank\" rel=\"noopener\"> SohaGolafshan @sohagolafshan<\/a><br \/>\n<strong>Equipo de dise\u00f1o:<\/strong> FarzanehIzadi, MarziehGharakhani<br \/>\n<strong>Equipo de construcci\u00f3n:<\/strong> M.MehdiNikoo, ParisaJanianpour<br \/>\n<strong>Foto de:<\/strong> Negar Sedigh<\/p>\n","protected":false},"excerpt":{"rendered":"<p>El piso residencial Sarv, de 450 metros cuadrados, est\u00e1 situado  [&#8230;]<\/p>\n","protected":false},"author":3,"featured_media":2875,"comment_status":"open","ping_status":"open","sticky":false,"template":"","format":"standard","meta":{"_bbp_topic_count":0,"_bbp_reply_count":0,"_bbp_total_topic_count":0,"_bbp_total_reply_count":0,"_bbp_voice_count":0,"_bbp_anonymous_reply_count":0,"_bbp_topic_count_hidden":0,"_bbp_reply_count_hidden":0,"_bbp_forum_subforum_count":0,"footnotes":""},"categories":[323],"tags":[],"class_list":["post-21235","post","type-post","status-publish","format-standard","has-post-thumbnail","hentry","category-g-habla"],"acf":[],"yoast_head":"<!-- This site is optimized with the Yoast SEO plugin v26.2 - https:\/\/yoast.com\/wordpress\/plugins\/seo\/ -->\n<title>APARTAMENTO PRIVADO - Elahiyeh, Teher\u00e1n - Rubinetterie Giulini<\/title>\n<meta name=\"robots\" content=\"index, follow, max-snippet:-1, max-image-preview:large, max-video-preview:-1\" \/>\n<link rel=\"canonical\" href=\"https:\/\/www.giulini.it\/es\/apartamento-privado-elahiyeh-teheran\/\" \/>\n<meta property=\"og:locale\" content=\"es_ES\" \/>\n<meta property=\"og:type\" content=\"article\" \/>\n<meta property=\"og:title\" content=\"APARTAMENTO PRIVADO - Elahiyeh, Teher\u00e1n - Rubinetterie Giulini\" \/>\n<meta property=\"og:description\" content=\"El piso residencial Sarv, de 450 metros cuadrados, est\u00e1 situado [...]\" \/>\n<meta property=\"og:url\" content=\"https:\/\/www.giulini.it\/es\/apartamento-privado-elahiyeh-teheran\/\" \/>\n<meta property=\"og:site_name\" content=\"Rubinetterie Giulini\" \/>\n<meta property=\"article:publisher\" content=\"https:\/\/www.facebook.com\/profile.php?id=61573782434677\" \/>\n<meta property=\"article:published_time\" content=\"2025-01-26T10:50:38+00:00\" \/>\n<meta property=\"article:modified_time\" content=\"2025-02-14T09:40:16+00:00\" \/>\n<meta property=\"og:image\" content=\"https:\/\/www.giulini.it\/wp-content\/uploads\/2025\/01\/5_G.Talk_anteprima_Giulini_rubinetteria.jpg\" \/>\n\t<meta property=\"og:image:width\" content=\"747\" \/>\n\t<meta property=\"og:image:height\" content=\"451\" \/>\n\t<meta property=\"og:image:type\" content=\"image\/jpeg\" \/>\n<meta name=\"author\" content=\"web.poletti\" \/>\n<meta name=\"twitter:card\" content=\"summary_large_image\" \/>\n<meta name=\"twitter:label1\" content=\"Escrito por\" \/>\n\t<meta name=\"twitter:data1\" content=\"web.poletti\" \/>\n\t<meta name=\"twitter:label2\" content=\"Tiempo de lectura\" \/>\n\t<meta name=\"twitter:data2\" content=\"1 minuto\" \/>\n<script type=\"application\/ld+json\" class=\"yoast-schema-graph\">{\"@context\":\"https:\/\/schema.org\",\"@graph\":[{\"@type\":\"Article\",\"@id\":\"https:\/\/www.giulini.it\/es\/apartamento-privado-elahiyeh-teheran\/#article\",\"isPartOf\":{\"@id\":\"https:\/\/www.giulini.it\/es\/apartamento-privado-elahiyeh-teheran\/\"},\"author\":{\"name\":\"web.poletti\",\"@id\":\"https:\/\/www.giulini.it\/#\/schema\/person\/a5c030e73f87c6f46520fed1a6c2ae1b\"},\"headline\":\"APARTAMENTO PRIVADO &#8211; Elahiyeh, Teher\u00e1n\",\"datePublished\":\"2025-01-26T10:50:38+00:00\",\"dateModified\":\"2025-02-14T09:40:16+00:00\",\"mainEntityOfPage\":{\"@id\":\"https:\/\/www.giulini.it\/es\/apartamento-privado-elahiyeh-teheran\/\"},\"wordCount\":124,\"commentCount\":0,\"publisher\":{\"@id\":\"https:\/\/www.giulini.it\/#organization\"},\"image\":{\"@id\":\"https:\/\/www.giulini.it\/es\/apartamento-privado-elahiyeh-teheran\/#primaryimage\"},\"thumbnailUrl\":\"https:\/\/www.giulini.it\/wp-content\/uploads\/2025\/01\/5_G.Talk_anteprima_Giulini_rubinetteria.jpg\",\"articleSection\":[\"G. Habla\"],\"inLanguage\":\"es\"},{\"@type\":\"WebPage\",\"@id\":\"https:\/\/www.giulini.it\/es\/apartamento-privado-elahiyeh-teheran\/\",\"url\":\"https:\/\/www.giulini.it\/es\/apartamento-privado-elahiyeh-teheran\/\",\"name\":\"APARTAMENTO PRIVADO - Elahiyeh, Teher\u00e1n - Rubinetterie Giulini\",\"isPartOf\":{\"@id\":\"https:\/\/www.giulini.it\/#website\"},\"primaryImageOfPage\":{\"@id\":\"https:\/\/www.giulini.it\/es\/apartamento-privado-elahiyeh-teheran\/#primaryimage\"},\"image\":{\"@id\":\"https:\/\/www.giulini.it\/es\/apartamento-privado-elahiyeh-teheran\/#primaryimage\"},\"thumbnailUrl\":\"https:\/\/www.giulini.it\/wp-content\/uploads\/2025\/01\/5_G.Talk_anteprima_Giulini_rubinetteria.jpg\",\"datePublished\":\"2025-01-26T10:50:38+00:00\",\"dateModified\":\"2025-02-14T09:40:16+00:00\",\"breadcrumb\":{\"@id\":\"https:\/\/www.giulini.it\/es\/apartamento-privado-elahiyeh-teheran\/#breadcrumb\"},\"inLanguage\":\"es\",\"potentialAction\":[{\"@type\":\"ReadAction\",\"target\":[\"https:\/\/www.giulini.it\/es\/apartamento-privado-elahiyeh-teheran\/\"]}]},{\"@type\":\"ImageObject\",\"inLanguage\":\"es\",\"@id\":\"https:\/\/www.giulini.it\/es\/apartamento-privado-elahiyeh-teheran\/#primaryimage\",\"url\":\"https:\/\/www.giulini.it\/wp-content\/uploads\/2025\/01\/5_G.Talk_anteprima_Giulini_rubinetteria.jpg\",\"contentUrl\":\"https:\/\/www.giulini.it\/wp-content\/uploads\/2025\/01\/5_G.Talk_anteprima_Giulini_rubinetteria.jpg\",\"width\":747,\"height\":451,\"caption\":\"APARTAMENTO PRIVADO - Elahiyeh, Teher\u00e1n\"},{\"@type\":\"BreadcrumbList\",\"@id\":\"https:\/\/www.giulini.it\/es\/apartamento-privado-elahiyeh-teheran\/#breadcrumb\",\"itemListElement\":[{\"@type\":\"ListItem\",\"position\":1,\"name\":\"Home\",\"item\":\"https:\/\/www.giulini.it\/es\/inicio\/\"},{\"@type\":\"ListItem\",\"position\":2,\"name\":\"APARTAMENTO PRIVADO &#8211; Elahiyeh, Teher\u00e1n\"}]},{\"@type\":\"WebSite\",\"@id\":\"https:\/\/www.giulini.it\/#website\",\"url\":\"https:\/\/www.giulini.it\/\",\"name\":\"Rubinetterie Giulini\",\"description\":\"\",\"publisher\":{\"@id\":\"https:\/\/www.giulini.it\/#organization\"},\"potentialAction\":[{\"@type\":\"SearchAction\",\"target\":{\"@type\":\"EntryPoint\",\"urlTemplate\":\"https:\/\/www.giulini.it\/?s=%7Bsearch_term_string%7D\"},\"query-input\":{\"@type\":\"PropertyValueSpecification\",\"valueRequired\":true,\"valueName\":\"search_term_string\"}}],\"inLanguage\":\"es\"},{\"@type\":\"Organization\",\"@id\":\"https:\/\/www.giulini.it\/#organization\",\"name\":\"Rubinetterie Giulini\",\"url\":\"https:\/\/www.giulini.it\/\",\"logo\":{\"@type\":\"ImageObject\",\"inLanguage\":\"es\",\"@id\":\"https:\/\/www.giulini.it\/#\/schema\/logo\/image\/\",\"url\":\"https:\/\/www.giulini.it\/wp-content\/uploads\/2025\/10\/Logo-GIULINI.svg\",\"contentUrl\":\"https:\/\/www.giulini.it\/wp-content\/uploads\/2025\/10\/Logo-GIULINI.svg\",\"width\":1036,\"height\":250,\"caption\":\"Rubinetterie Giulini\"},\"image\":{\"@id\":\"https:\/\/www.giulini.it\/#\/schema\/logo\/image\/\"},\"sameAs\":[\"https:\/\/www.facebook.com\/profile.php?id=61573782434677\"]},{\"@type\":\"Person\",\"@id\":\"https:\/\/www.giulini.it\/#\/schema\/person\/a5c030e73f87c6f46520fed1a6c2ae1b\",\"name\":\"web.poletti\",\"image\":{\"@type\":\"ImageObject\",\"inLanguage\":\"es\",\"@id\":\"https:\/\/www.giulini.it\/#\/schema\/person\/image\/\",\"url\":\"https:\/\/secure.gravatar.com\/avatar\/a261f135ad7ad669d67d641fa142af549de0f7550b06c40b811d6593a8095695?s=96&d=mm&r=g\",\"contentUrl\":\"https:\/\/secure.gravatar.com\/avatar\/a261f135ad7ad669d67d641fa142af549de0f7550b06c40b811d6593a8095695?s=96&d=mm&r=g\",\"caption\":\"web.poletti\"},\"url\":\"https:\/\/www.giulini.it\/es\/author\/web-poletti\/\"}]}<\/script>\n<!-- \/ Yoast SEO plugin. -->","yoast_head_json":{"title":"APARTAMENTO PRIVADO - Elahiyeh, Teher\u00e1n - Rubinetterie Giulini","robots":{"index":"index","follow":"follow","max-snippet":"max-snippet:-1","max-image-preview":"max-image-preview:large","max-video-preview":"max-video-preview:-1"},"canonical":"https:\/\/www.giulini.it\/es\/apartamento-privado-elahiyeh-teheran\/","og_locale":"es_ES","og_type":"article","og_title":"APARTAMENTO PRIVADO - Elahiyeh, Teher\u00e1n - Rubinetterie Giulini","og_description":"El piso residencial Sarv, de 450 metros cuadrados, est\u00e1 situado [...]","og_url":"https:\/\/www.giulini.it\/es\/apartamento-privado-elahiyeh-teheran\/","og_site_name":"Rubinetterie Giulini","article_publisher":"https:\/\/www.facebook.com\/profile.php?id=61573782434677","article_published_time":"2025-01-26T10:50:38+00:00","article_modified_time":"2025-02-14T09:40:16+00:00","og_image":[{"width":747,"height":451,"url":"https:\/\/www.giulini.it\/wp-content\/uploads\/2025\/01\/5_G.Talk_anteprima_Giulini_rubinetteria.jpg","type":"image\/jpeg"}],"author":"web.poletti","twitter_card":"summary_large_image","twitter_misc":{"Escrito por":"web.poletti","Tiempo de lectura":"1 minuto"},"schema":{"@context":"https:\/\/schema.org","@graph":[{"@type":"Article","@id":"https:\/\/www.giulini.it\/es\/apartamento-privado-elahiyeh-teheran\/#article","isPartOf":{"@id":"https:\/\/www.giulini.it\/es\/apartamento-privado-elahiyeh-teheran\/"},"author":{"name":"web.poletti","@id":"https:\/\/www.giulini.it\/#\/schema\/person\/a5c030e73f87c6f46520fed1a6c2ae1b"},"headline":"APARTAMENTO PRIVADO &#8211; Elahiyeh, Teher\u00e1n","datePublished":"2025-01-26T10:50:38+00:00","dateModified":"2025-02-14T09:40:16+00:00","mainEntityOfPage":{"@id":"https:\/\/www.giulini.it\/es\/apartamento-privado-elahiyeh-teheran\/"},"wordCount":124,"commentCount":0,"publisher":{"@id":"https:\/\/www.giulini.it\/#organization"},"image":{"@id":"https:\/\/www.giulini.it\/es\/apartamento-privado-elahiyeh-teheran\/#primaryimage"},"thumbnailUrl":"https:\/\/www.giulini.it\/wp-content\/uploads\/2025\/01\/5_G.Talk_anteprima_Giulini_rubinetteria.jpg","articleSection":["G. Habla"],"inLanguage":"es"},{"@type":"WebPage","@id":"https:\/\/www.giulini.it\/es\/apartamento-privado-elahiyeh-teheran\/","url":"https:\/\/www.giulini.it\/es\/apartamento-privado-elahiyeh-teheran\/","name":"APARTAMENTO PRIVADO - Elahiyeh, Teher\u00e1n - Rubinetterie Giulini","isPartOf":{"@id":"https:\/\/www.giulini.it\/#website"},"primaryImageOfPage":{"@id":"https:\/\/www.giulini.it\/es\/apartamento-privado-elahiyeh-teheran\/#primaryimage"},"image":{"@id":"https:\/\/www.giulini.it\/es\/apartamento-privado-elahiyeh-teheran\/#primaryimage"},"thumbnailUrl":"https:\/\/www.giulini.it\/wp-content\/uploads\/2025\/01\/5_G.Talk_anteprima_Giulini_rubinetteria.jpg","datePublished":"2025-01-26T10:50:38+00:00","dateModified":"2025-02-14T09:40:16+00:00","breadcrumb":{"@id":"https:\/\/www.giulini.it\/es\/apartamento-privado-elahiyeh-teheran\/#breadcrumb"},"inLanguage":"es","potentialAction":[{"@type":"ReadAction","target":["https:\/\/www.giulini.it\/es\/apartamento-privado-elahiyeh-teheran\/"]}]},{"@type":"ImageObject","inLanguage":"es","@id":"https:\/\/www.giulini.it\/es\/apartamento-privado-elahiyeh-teheran\/#primaryimage","url":"https:\/\/www.giulini.it\/wp-content\/uploads\/2025\/01\/5_G.Talk_anteprima_Giulini_rubinetteria.jpg","contentUrl":"https:\/\/www.giulini.it\/wp-content\/uploads\/2025\/01\/5_G.Talk_anteprima_Giulini_rubinetteria.jpg","width":747,"height":451,"caption":"APARTAMENTO PRIVADO - Elahiyeh, Teher\u00e1n"},{"@type":"BreadcrumbList","@id":"https:\/\/www.giulini.it\/es\/apartamento-privado-elahiyeh-teheran\/#breadcrumb","itemListElement":[{"@type":"ListItem","position":1,"name":"Home","item":"https:\/\/www.giulini.it\/es\/inicio\/"},{"@type":"ListItem","position":2,"name":"APARTAMENTO PRIVADO &#8211; Elahiyeh, Teher\u00e1n"}]},{"@type":"WebSite","@id":"https:\/\/www.giulini.it\/#website","url":"https:\/\/www.giulini.it\/","name":"Rubinetterie Giulini","description":"","publisher":{"@id":"https:\/\/www.giulini.it\/#organization"},"potentialAction":[{"@type":"SearchAction","target":{"@type":"EntryPoint","urlTemplate":"https:\/\/www.giulini.it\/?s=%7Bsearch_term_string%7D"},"query-input":{"@type":"PropertyValueSpecification","valueRequired":true,"valueName":"search_term_string"}}],"inLanguage":"es"},{"@type":"Organization","@id":"https:\/\/www.giulini.it\/#organization","name":"Rubinetterie Giulini","url":"https:\/\/www.giulini.it\/","logo":{"@type":"ImageObject","inLanguage":"es","@id":"https:\/\/www.giulini.it\/#\/schema\/logo\/image\/","url":"https:\/\/www.giulini.it\/wp-content\/uploads\/2025\/10\/Logo-GIULINI.svg","contentUrl":"https:\/\/www.giulini.it\/wp-content\/uploads\/2025\/10\/Logo-GIULINI.svg","width":1036,"height":250,"caption":"Rubinetterie Giulini"},"image":{"@id":"https:\/\/www.giulini.it\/#\/schema\/logo\/image\/"},"sameAs":["https:\/\/www.facebook.com\/profile.php?id=61573782434677"]},{"@type":"Person","@id":"https:\/\/www.giulini.it\/#\/schema\/person\/a5c030e73f87c6f46520fed1a6c2ae1b","name":"web.poletti","image":{"@type":"ImageObject","inLanguage":"es","@id":"https:\/\/www.giulini.it\/#\/schema\/person\/image\/","url":"https:\/\/secure.gravatar.com\/avatar\/a261f135ad7ad669d67d641fa142af549de0f7550b06c40b811d6593a8095695?s=96&d=mm&r=g","contentUrl":"https:\/\/secure.gravatar.com\/avatar\/a261f135ad7ad669d67d641fa142af549de0f7550b06c40b811d6593a8095695?s=96&d=mm&r=g","caption":"web.poletti"},"url":"https:\/\/www.giulini.it\/es\/author\/web-poletti\/"}]}},"_links":{"self":[{"href":"https:\/\/www.giulini.it\/es\/wp-json\/wp\/v2\/posts\/21235","targetHints":{"allow":["GET"]}}],"collection":[{"href":"https:\/\/www.giulini.it\/es\/wp-json\/wp\/v2\/posts"}],"about":[{"href":"https:\/\/www.giulini.it\/es\/wp-json\/wp\/v2\/types\/post"}],"author":[{"embeddable":true,"href":"https:\/\/www.giulini.it\/es\/wp-json\/wp\/v2\/users\/3"}],"replies":[{"embeddable":true,"href":"https:\/\/www.giulini.it\/es\/wp-json\/wp\/v2\/comments?post=21235"}],"version-history":[{"count":1,"href":"https:\/\/www.giulini.it\/es\/wp-json\/wp\/v2\/posts\/21235\/revisions"}],"predecessor-version":[{"id":32581,"href":"https:\/\/www.giulini.it\/es\/wp-json\/wp\/v2\/posts\/21235\/revisions\/32581"}],"wp:featuredmedia":[{"embeddable":true,"href":"https:\/\/www.giulini.it\/es\/wp-json\/wp\/v2\/media\/2875"}],"wp:attachment":[{"href":"https:\/\/www.giulini.it\/es\/wp-json\/wp\/v2\/media?parent=21235"}],"wp:term":[{"taxonomy":"category","embeddable":true,"href":"https:\/\/www.giulini.it\/es\/wp-json\/wp\/v2\/categories?post=21235"},{"taxonomy":"post_tag","embeddable":true,"href":"https:\/\/www.giulini.it\/es\/wp-json\/wp\/v2\/tags?post=21235"}],"curies":[{"name":"wp","href":"https:\/\/api.w.org\/{rel}","templated":true}]}}