{"id":36185,"date":"2025-12-03T12:19:50","date_gmt":"2025-12-03T11:19:50","guid":{"rendered":"https:\/\/www.giulini.it\/the-architect-show-grecia\/"},"modified":"2025-12-03T15:18:56","modified_gmt":"2025-12-03T14:18:56","slug":"the-architect-show-grecia","status":"publish","type":"post","link":"https:\/\/www.giulini.it\/es\/the-architect-show-grecia\/","title":{"rendered":"THE ARCHITECT SHOW<br>Grecia"},"content":{"rendered":"<p style=\"text-align: center;\">Giulini G. Rubinetteria confirma su presencia entre los protagonistas <strong>del Sal\u00f3n del Arquitecto de la Expo Metropolitana de Atenas.<\/strong><\/p>\n<p style=\"text-align: center;\"><strong>El s\u00e1bado 7 y el domingo 8 de diciembre<\/strong> presentaremos no s\u00f3lo nuestras colecciones de referencia, sino tambi\u00e9n nuevas propuestas creadas para ir m\u00e1s all\u00e1 del concepto de acabado, donde el material se funde con el producto. Dando vida a <strong>MATERIA VIVA<\/strong>.<\/p>\n<p style=\"text-align: center;\">Esperamos verte en <strong>el Stand n\u00ba 5<\/strong> para que descubras nuestras colecciones y nuevas soluciones dise\u00f1adas para dar forma a tus proyectos m\u00e1s innovadores.<\/p>\n","protected":false},"excerpt":{"rendered":"<p>Giulini G. Rubinetteria confirma su presencia entre los protagonistas del  [&#8230;]<\/p>\n","protected":false},"author":5,"featured_media":36178,"comment_status":"closed","ping_status":"closed","sticky":false,"template":"","format":"standard","meta":{"_bbp_topic_count":0,"_bbp_reply_count":0,"_bbp_total_topic_count":0,"_bbp_total_reply_count":0,"_bbp_voice_count":0,"_bbp_anonymous_reply_count":0,"_bbp_topic_count_hidden":0,"_bbp_reply_count_hidden":0,"_bbp_forum_subforum_count":0,"footnotes":""},"categories":[328],"tags":[],"class_list":["post-36185","post","type-post","status-publish","format-standard","has-post-thumbnail","hentry","category-noticias"],"acf":[],"yoast_head":"<!-- This site is optimized with the Yoast SEO plugin v26.2 - https:\/\/yoast.com\/wordpress\/plugins\/seo\/ -->\n<title>THE ARCHITECT SHOW\/\/\/Grecia - Rubinetterie Giulini<\/title>\n<meta name=\"robots\" content=\"index, follow, max-snippet:-1, max-image-preview:large, max-video-preview:-1\" \/>\n<link rel=\"canonical\" href=\"https:\/\/www.giulini.it\/es\/the-architect-show-grecia\/\" \/>\n<meta property=\"og:locale\" content=\"es_ES\" \/>\n<meta property=\"og:type\" content=\"article\" \/>\n<meta property=\"og:title\" content=\"THE ARCHITECT SHOW\/\/\/Grecia - Rubinetterie Giulini\" \/>\n<meta property=\"og:description\" content=\"Giulini G. Rubinetteria confirma su presencia entre los protagonistas del [...]\" \/>\n<meta property=\"og:url\" content=\"https:\/\/www.giulini.it\/es\/the-architect-show-grecia\/\" \/>\n<meta property=\"og:site_name\" content=\"Rubinetterie Giulini\" \/>\n<meta property=\"article:publisher\" content=\"https:\/\/www.facebook.com\/profile.php?id=61573782434677\" \/>\n<meta property=\"article:published_time\" content=\"2025-12-03T11:19:50+00:00\" \/>\n<meta property=\"article:modified_time\" content=\"2025-12-03T14:18:56+00:00\" \/>\n<meta property=\"og:image\" content=\"https:\/\/www.giulini.it\/wp-content\/uploads\/2025\/12\/news_home_ARCH-SHOW-2025.jpg\" \/>\n\t<meta property=\"og:image:width\" content=\"477\" \/>\n\t<meta property=\"og:image:height\" content=\"477\" \/>\n\t<meta property=\"og:image:type\" content=\"image\/jpeg\" \/>\n<meta name=\"author\" content=\"Gaia\" \/>\n<meta name=\"twitter:card\" content=\"summary_large_image\" \/>\n<meta name=\"twitter:label1\" content=\"Escrito por\" \/>\n\t<meta name=\"twitter:data1\" content=\"Gaia\" \/>\n\t<meta name=\"twitter:label2\" content=\"Tiempo de lectura\" \/>\n\t<meta name=\"twitter:data2\" content=\"1 minuto\" \/>\n<script type=\"application\/ld+json\" class=\"yoast-schema-graph\">{\"@context\":\"https:\/\/schema.org\",\"@graph\":[{\"@type\":\"Article\",\"@id\":\"https:\/\/www.giulini.it\/es\/the-architect-show-grecia\/#article\",\"isPartOf\":{\"@id\":\"https:\/\/www.giulini.it\/es\/the-architect-show-grecia\/\"},\"author\":{\"name\":\"Gaia\",\"@id\":\"https:\/\/www.giulini.it\/#\/schema\/person\/d84a3e7d0827bce2b06481363205e8fe\"},\"headline\":\"THE ARCHITECT SHOW Grecia\",\"datePublished\":\"2025-12-03T11:19:50+00:00\",\"dateModified\":\"2025-12-03T14:18:56+00:00\",\"mainEntityOfPage\":{\"@id\":\"https:\/\/www.giulini.it\/es\/the-architect-show-grecia\/\"},\"wordCount\":93,\"publisher\":{\"@id\":\"https:\/\/www.giulini.it\/#organization\"},\"image\":{\"@id\":\"https:\/\/www.giulini.it\/es\/the-architect-show-grecia\/#primaryimage\"},\"thumbnailUrl\":\"https:\/\/www.giulini.it\/wp-content\/uploads\/2025\/12\/news_home_ARCH-SHOW-2025.jpg\",\"articleSection\":[\"Noticias\"],\"inLanguage\":\"es\"},{\"@type\":\"WebPage\",\"@id\":\"https:\/\/www.giulini.it\/es\/the-architect-show-grecia\/\",\"url\":\"https:\/\/www.giulini.it\/es\/the-architect-show-grecia\/\",\"name\":\"THE ARCHITECT SHOW\/\/\/Grecia - Rubinetterie Giulini\",\"isPartOf\":{\"@id\":\"https:\/\/www.giulini.it\/#website\"},\"primaryImageOfPage\":{\"@id\":\"https:\/\/www.giulini.it\/es\/the-architect-show-grecia\/#primaryimage\"},\"image\":{\"@id\":\"https:\/\/www.giulini.it\/es\/the-architect-show-grecia\/#primaryimage\"},\"thumbnailUrl\":\"https:\/\/www.giulini.it\/wp-content\/uploads\/2025\/12\/news_home_ARCH-SHOW-2025.jpg\",\"datePublished\":\"2025-12-03T11:19:50+00:00\",\"dateModified\":\"2025-12-03T14:18:56+00:00\",\"breadcrumb\":{\"@id\":\"https:\/\/www.giulini.it\/es\/the-architect-show-grecia\/#breadcrumb\"},\"inLanguage\":\"es\",\"potentialAction\":[{\"@type\":\"ReadAction\",\"target\":[\"https:\/\/www.giulini.it\/es\/the-architect-show-grecia\/\"]}]},{\"@type\":\"ImageObject\",\"inLanguage\":\"es\",\"@id\":\"https:\/\/www.giulini.it\/es\/the-architect-show-grecia\/#primaryimage\",\"url\":\"https:\/\/www.giulini.it\/wp-content\/uploads\/2025\/12\/news_home_ARCH-SHOW-2025.jpg\",\"contentUrl\":\"https:\/\/www.giulini.it\/wp-content\/uploads\/2025\/12\/news_home_ARCH-SHOW-2025.jpg\",\"width\":477,\"height\":477},{\"@type\":\"BreadcrumbList\",\"@id\":\"https:\/\/www.giulini.it\/es\/the-architect-show-grecia\/#breadcrumb\",\"itemListElement\":[{\"@type\":\"ListItem\",\"position\":1,\"name\":\"Home\",\"item\":\"https:\/\/www.giulini.it\/es\/inicio\/\"},{\"@type\":\"ListItem\",\"position\":2,\"name\":\"THE ARCHITECT SHOWGrecia\"}]},{\"@type\":\"WebSite\",\"@id\":\"https:\/\/www.giulini.it\/#website\",\"url\":\"https:\/\/www.giulini.it\/\",\"name\":\"Rubinetterie Giulini\",\"description\":\"\",\"publisher\":{\"@id\":\"https:\/\/www.giulini.it\/#organization\"},\"potentialAction\":[{\"@type\":\"SearchAction\",\"target\":{\"@type\":\"EntryPoint\",\"urlTemplate\":\"https:\/\/www.giulini.it\/?s=%7Bsearch_term_string%7D\"},\"query-input\":{\"@type\":\"PropertyValueSpecification\",\"valueRequired\":true,\"valueName\":\"search_term_string\"}}],\"inLanguage\":\"es\"},{\"@type\":\"Organization\",\"@id\":\"https:\/\/www.giulini.it\/#organization\",\"name\":\"Rubinetterie Giulini\",\"url\":\"https:\/\/www.giulini.it\/\",\"logo\":{\"@type\":\"ImageObject\",\"inLanguage\":\"es\",\"@id\":\"https:\/\/www.giulini.it\/#\/schema\/logo\/image\/\",\"url\":\"https:\/\/www.giulini.it\/wp-content\/uploads\/2025\/10\/Logo-GIULINI.svg\",\"contentUrl\":\"https:\/\/www.giulini.it\/wp-content\/uploads\/2025\/10\/Logo-GIULINI.svg\",\"width\":1036,\"height\":250,\"caption\":\"Rubinetterie Giulini\"},\"image\":{\"@id\":\"https:\/\/www.giulini.it\/#\/schema\/logo\/image\/\"},\"sameAs\":[\"https:\/\/www.facebook.com\/profile.php?id=61573782434677\"]},{\"@type\":\"Person\",\"@id\":\"https:\/\/www.giulini.it\/#\/schema\/person\/d84a3e7d0827bce2b06481363205e8fe\",\"name\":\"Gaia\",\"image\":{\"@type\":\"ImageObject\",\"inLanguage\":\"es\",\"@id\":\"https:\/\/www.giulini.it\/#\/schema\/person\/image\/\",\"url\":\"https:\/\/secure.gravatar.com\/avatar\/6606b49563a430305a73b914c9bf5a1ca47779abbbb04ec4428c1931022afe50?s=96&d=mm&r=g\",\"contentUrl\":\"https:\/\/secure.gravatar.com\/avatar\/6606b49563a430305a73b914c9bf5a1ca47779abbbb04ec4428c1931022afe50?s=96&d=mm&r=g\",\"caption\":\"Gaia\"},\"url\":\"https:\/\/www.giulini.it\/es\/author\/webmaster\/\"}]}<\/script>\n<!-- \/ Yoast SEO plugin. -->","yoast_head_json":{"title":"THE ARCHITECT SHOW\/\/\/Grecia - Rubinetterie Giulini","robots":{"index":"index","follow":"follow","max-snippet":"max-snippet:-1","max-image-preview":"max-image-preview:large","max-video-preview":"max-video-preview:-1"},"canonical":"https:\/\/www.giulini.it\/es\/the-architect-show-grecia\/","og_locale":"es_ES","og_type":"article","og_title":"THE ARCHITECT SHOW\/\/\/Grecia - Rubinetterie Giulini","og_description":"Giulini G. Rubinetteria confirma su presencia entre los protagonistas del [...]","og_url":"https:\/\/www.giulini.it\/es\/the-architect-show-grecia\/","og_site_name":"Rubinetterie Giulini","article_publisher":"https:\/\/www.facebook.com\/profile.php?id=61573782434677","article_published_time":"2025-12-03T11:19:50+00:00","article_modified_time":"2025-12-03T14:18:56+00:00","og_image":[{"width":477,"height":477,"url":"https:\/\/www.giulini.it\/wp-content\/uploads\/2025\/12\/news_home_ARCH-SHOW-2025.jpg","type":"image\/jpeg"}],"author":"Gaia","twitter_card":"summary_large_image","twitter_misc":{"Escrito por":"Gaia","Tiempo de lectura":"1 minuto"},"schema":{"@context":"https:\/\/schema.org","@graph":[{"@type":"Article","@id":"https:\/\/www.giulini.it\/es\/the-architect-show-grecia\/#article","isPartOf":{"@id":"https:\/\/www.giulini.it\/es\/the-architect-show-grecia\/"},"author":{"name":"Gaia","@id":"https:\/\/www.giulini.it\/#\/schema\/person\/d84a3e7d0827bce2b06481363205e8fe"},"headline":"THE ARCHITECT SHOW Grecia","datePublished":"2025-12-03T11:19:50+00:00","dateModified":"2025-12-03T14:18:56+00:00","mainEntityOfPage":{"@id":"https:\/\/www.giulini.it\/es\/the-architect-show-grecia\/"},"wordCount":93,"publisher":{"@id":"https:\/\/www.giulini.it\/#organization"},"image":{"@id":"https:\/\/www.giulini.it\/es\/the-architect-show-grecia\/#primaryimage"},"thumbnailUrl":"https:\/\/www.giulini.it\/wp-content\/uploads\/2025\/12\/news_home_ARCH-SHOW-2025.jpg","articleSection":["Noticias"],"inLanguage":"es"},{"@type":"WebPage","@id":"https:\/\/www.giulini.it\/es\/the-architect-show-grecia\/","url":"https:\/\/www.giulini.it\/es\/the-architect-show-grecia\/","name":"THE ARCHITECT SHOW\/\/\/Grecia - Rubinetterie Giulini","isPartOf":{"@id":"https:\/\/www.giulini.it\/#website"},"primaryImageOfPage":{"@id":"https:\/\/www.giulini.it\/es\/the-architect-show-grecia\/#primaryimage"},"image":{"@id":"https:\/\/www.giulini.it\/es\/the-architect-show-grecia\/#primaryimage"},"thumbnailUrl":"https:\/\/www.giulini.it\/wp-content\/uploads\/2025\/12\/news_home_ARCH-SHOW-2025.jpg","datePublished":"2025-12-03T11:19:50+00:00","dateModified":"2025-12-03T14:18:56+00:00","breadcrumb":{"@id":"https:\/\/www.giulini.it\/es\/the-architect-show-grecia\/#breadcrumb"},"inLanguage":"es","potentialAction":[{"@type":"ReadAction","target":["https:\/\/www.giulini.it\/es\/the-architect-show-grecia\/"]}]},{"@type":"ImageObject","inLanguage":"es","@id":"https:\/\/www.giulini.it\/es\/the-architect-show-grecia\/#primaryimage","url":"https:\/\/www.giulini.it\/wp-content\/uploads\/2025\/12\/news_home_ARCH-SHOW-2025.jpg","contentUrl":"https:\/\/www.giulini.it\/wp-content\/uploads\/2025\/12\/news_home_ARCH-SHOW-2025.jpg","width":477,"height":477},{"@type":"BreadcrumbList","@id":"https:\/\/www.giulini.it\/es\/the-architect-show-grecia\/#breadcrumb","itemListElement":[{"@type":"ListItem","position":1,"name":"Home","item":"https:\/\/www.giulini.it\/es\/inicio\/"},{"@type":"ListItem","position":2,"name":"THE ARCHITECT SHOWGrecia"}]},{"@type":"WebSite","@id":"https:\/\/www.giulini.it\/#website","url":"https:\/\/www.giulini.it\/","name":"Rubinetterie Giulini","description":"","publisher":{"@id":"https:\/\/www.giulini.it\/#organization"},"potentialAction":[{"@type":"SearchAction","target":{"@type":"EntryPoint","urlTemplate":"https:\/\/www.giulini.it\/?s=%7Bsearch_term_string%7D"},"query-input":{"@type":"PropertyValueSpecification","valueRequired":true,"valueName":"search_term_string"}}],"inLanguage":"es"},{"@type":"Organization","@id":"https:\/\/www.giulini.it\/#organization","name":"Rubinetterie Giulini","url":"https:\/\/www.giulini.it\/","logo":{"@type":"ImageObject","inLanguage":"es","@id":"https:\/\/www.giulini.it\/#\/schema\/logo\/image\/","url":"https:\/\/www.giulini.it\/wp-content\/uploads\/2025\/10\/Logo-GIULINI.svg","contentUrl":"https:\/\/www.giulini.it\/wp-content\/uploads\/2025\/10\/Logo-GIULINI.svg","width":1036,"height":250,"caption":"Rubinetterie Giulini"},"image":{"@id":"https:\/\/www.giulini.it\/#\/schema\/logo\/image\/"},"sameAs":["https:\/\/www.facebook.com\/profile.php?id=61573782434677"]},{"@type":"Person","@id":"https:\/\/www.giulini.it\/#\/schema\/person\/d84a3e7d0827bce2b06481363205e8fe","name":"Gaia","image":{"@type":"ImageObject","inLanguage":"es","@id":"https:\/\/www.giulini.it\/#\/schema\/person\/image\/","url":"https:\/\/secure.gravatar.com\/avatar\/6606b49563a430305a73b914c9bf5a1ca47779abbbb04ec4428c1931022afe50?s=96&d=mm&r=g","contentUrl":"https:\/\/secure.gravatar.com\/avatar\/6606b49563a430305a73b914c9bf5a1ca47779abbbb04ec4428c1931022afe50?s=96&d=mm&r=g","caption":"Gaia"},"url":"https:\/\/www.giulini.it\/es\/author\/webmaster\/"}]}},"_links":{"self":[{"href":"https:\/\/www.giulini.it\/es\/wp-json\/wp\/v2\/posts\/36185","targetHints":{"allow":["GET"]}}],"collection":[{"href":"https:\/\/www.giulini.it\/es\/wp-json\/wp\/v2\/posts"}],"about":[{"href":"https:\/\/www.giulini.it\/es\/wp-json\/wp\/v2\/types\/post"}],"author":[{"embeddable":true,"href":"https:\/\/www.giulini.it\/es\/wp-json\/wp\/v2\/users\/5"}],"replies":[{"embeddable":true,"href":"https:\/\/www.giulini.it\/es\/wp-json\/wp\/v2\/comments?post=36185"}],"version-history":[{"count":1,"href":"https:\/\/www.giulini.it\/es\/wp-json\/wp\/v2\/posts\/36185\/revisions"}],"predecessor-version":[{"id":36219,"href":"https:\/\/www.giulini.it\/es\/wp-json\/wp\/v2\/posts\/36185\/revisions\/36219"}],"wp:featuredmedia":[{"embeddable":true,"href":"https:\/\/www.giulini.it\/es\/wp-json\/wp\/v2\/media\/36178"}],"wp:attachment":[{"href":"https:\/\/www.giulini.it\/es\/wp-json\/wp\/v2\/media?parent=36185"}],"wp:term":[{"taxonomy":"category","embeddable":true,"href":"https:\/\/www.giulini.it\/es\/wp-json\/wp\/v2\/categories?post=36185"},{"taxonomy":"post_tag","embeddable":true,"href":"https:\/\/www.giulini.it\/es\/wp-json\/wp\/v2\/tags?post=36185"}],"curies":[{"name":"wp","href":"https:\/\/api.w.org\/{rel}","templated":true}]}}