{"id":36555,"date":"2026-01-19T11:34:10","date_gmt":"2026-01-19T10:34:10","guid":{"rendered":"https:\/\/www.giulini.it\/fuorisalone-2025-bienestar-dentro-y-fuera\/"},"modified":"2026-01-19T17:27:06","modified_gmt":"2026-01-19T16:27:06","slug":"fuorisalone-2025-bienestar-dentro-y-fuera","status":"publish","type":"post","link":"https:\/\/www.giulini.it\/es\/fuorisalone-2025-bienestar-dentro-y-fuera\/","title":{"rendered":"FUORISALONE 2025 &#8211; Bienestar dentro y fuera"},"content":{"rendered":"<p>Giulini G. Rubinetteria particip\u00f3 en el Fuorisalone 2025, acogiendo a los visitantes en el interior de la sala de exposiciones Carroccio6, un lugar situado en el coraz\u00f3n de Mil\u00e1n durante la Semana del Dise\u00f1o. Fue una oportunidad para presentar nuestra identidad y visi\u00f3n, a trav\u00e9s de momentos dedicados a arquitectos, dise\u00f1adores de interiores, periodistas y profesionales del sector. Un di\u00e1logo abierto en el que compartimos los valores que gu\u00edan a la empresa, los objetivos para el futuro y las novedades firmadas Giulini.  <\/p>\n<p><strong>D\u00cdA DE PRENSA<\/strong><\/p>\n<p>El primer d\u00eda estuvo dedicado a los medios de comunicaci\u00f3n: un encuentro reservado a los periodistas en el que hablamos de nuestra filosof\u00eda, nuestros proyectos, el enfoque de producci\u00f3n de nuestros productos y los rasgos distintivos de nuestras colecciones. Los espacios de exposici\u00f3n ofrecieron el contexto ideal para mostrar y contar nuestros productos. <\/p>\n<p><img decoding=\"async\" class=\"alignnone wp-image-36713 size-full\" src=\"https:\/\/www.giulini.it\/wp-content\/uploads\/2026\/01\/FUORISALONE_giulini_rubinetteria_1-3.png\" alt=\"\" width=\"1564\" height=\"669\" srcset=\"https:\/\/www.giulini.it\/wp-content\/uploads\/2026\/01\/FUORISALONE_giulini_rubinetteria_1-3-200x86.png%20200w,%20https:\/www.giulini.it\/wp-content\/uploads\/2026\/01\/FUORISALONE_giulini_rubinetteria_1-3-300x128.png%20300w,%20https:\/www.giulini.it\/wp-content\/uploads\/2026\/01\/FUORISALONE_giulini_rubinetteria_1-3-400x171.png%20400w,%20https:\/www.giulini.it\/wp-content\/uploads\/2026\/01\/FUORISALONE_giulini_rubinetteria_1-3-500x214.png%20500w,%20https:\/www.giulini.it\/wp-content\/uploads\/2026\/01\/FUORISALONE_giulini_rubinetteria_1-3-600x257.png%20600w,%20https:\/www.giulini.it\/wp-content\/uploads\/2026\/01\/FUORISALONE_giulini_rubinetteria_1-3-700x299.png%20700w,%20https:\/www.giulini.it\/wp-content\/uploads\/2026\/01\/FUORISALONE_giulini_rubinetteria_1-3-768x329.png%20768w,%20https:\/www.giulini.it\/wp-content\/uploads\/2026\/01\/FUORISALONE_giulini_rubinetteria_1-3-800x342.png%20800w,%20https:\/www.giulini.it\/wp-content\/uploads\/2026\/01\/FUORISALONE_giulini_rubinetteria_1-3-1024x438.png%201024w,%20https:\/www.giulini.it\/wp-content\/uploads\/2026\/01\/FUORISALONE_giulini_rubinetteria_1-3-1200x513.png%201200w,%20https:\/www.giulini.it\/wp-content\/uploads\/2026\/01\/FUORISALONE_giulini_rubinetteria_1-3-1536x657.png%201536w,%20https:\/www.giulini.it\/wp-content\/uploads\/2026\/01\/FUORISALONE_giulini_rubinetteria_1-3.png%201564w\" sizes=\"(max-width: 1564px) 100vw, 1564px\" \/><\/p>\n<p><img decoding=\"async\" class=\"alignnone wp-image-36719 size-full\" src=\"https:\/\/www.giulini.it\/wp-content\/uploads\/2026\/01\/FUORISALONE_giulini_rubinetteria_2-3.png\" alt=\"\" width=\"1564\" height=\"669\" srcset=\"https:\/\/www.giulini.it\/wp-content\/uploads\/2026\/01\/FUORISALONE_giulini_rubinetteria_2-3-200x86.png%20200w,%20https:\/www.giulini.it\/wp-content\/uploads\/2026\/01\/FUORISALONE_giulini_rubinetteria_2-3-300x128.png%20300w,%20https:\/www.giulini.it\/wp-content\/uploads\/2026\/01\/FUORISALONE_giulini_rubinetteria_2-3-400x171.png%20400w,%20https:\/www.giulini.it\/wp-content\/uploads\/2026\/01\/FUORISALONE_giulini_rubinetteria_2-3-500x214.png%20500w,%20https:\/www.giulini.it\/wp-content\/uploads\/2026\/01\/FUORISALONE_giulini_rubinetteria_2-3-600x257.png%20600w,%20https:\/www.giulini.it\/wp-content\/uploads\/2026\/01\/FUORISALONE_giulini_rubinetteria_2-3-700x299.png%20700w,%20https:\/www.giulini.it\/wp-content\/uploads\/2026\/01\/FUORISALONE_giulini_rubinetteria_2-3-768x329.png%20768w,%20https:\/www.giulini.it\/wp-content\/uploads\/2026\/01\/FUORISALONE_giulini_rubinetteria_2-3-800x342.png%20800w,%20https:\/www.giulini.it\/wp-content\/uploads\/2026\/01\/FUORISALONE_giulini_rubinetteria_2-3-1024x438.png%201024w,%20https:\/www.giulini.it\/wp-content\/uploads\/2026\/01\/FUORISALONE_giulini_rubinetteria_2-3-1200x513.png%201200w,%20https:\/www.giulini.it\/wp-content\/uploads\/2026\/01\/FUORISALONE_giulini_rubinetteria_2-3-1536x657.png%201536w,%20https:\/www.giulini.it\/wp-content\/uploads\/2026\/01\/FUORISALONE_giulini_rubinetteria_2-3.png%201564w\" sizes=\"(max-width: 1564px) 100vw, 1564px\" \/><\/p>\n<p><img decoding=\"async\" class=\"alignnone wp-image-36725 size-full\" src=\"https:\/\/www.giulini.it\/wp-content\/uploads\/2026\/01\/FUORISALONE_giulini_rubinetteria_3.1-2.png\" alt=\"\" width=\"1564\" height=\"669\" srcset=\"https:\/\/www.giulini.it\/wp-content\/uploads\/2026\/01\/FUORISALONE_giulini_rubinetteria_3.1-2-200x86.png%20200w,%20https:\/www.giulini.it\/wp-content\/uploads\/2026\/01\/FUORISALONE_giulini_rubinetteria_3.1-2-300x128.png%20300w,%20https:\/www.giulini.it\/wp-content\/uploads\/2026\/01\/FUORISALONE_giulini_rubinetteria_3.1-2-400x171.png%20400w,%20https:\/www.giulini.it\/wp-content\/uploads\/2026\/01\/FUORISALONE_giulini_rubinetteria_3.1-2-500x214.png%20500w,%20https:\/www.giulini.it\/wp-content\/uploads\/2026\/01\/FUORISALONE_giulini_rubinetteria_3.1-2-600x257.png%20600w,%20https:\/www.giulini.it\/wp-content\/uploads\/2026\/01\/FUORISALONE_giulini_rubinetteria_3.1-2-700x299.png%20700w,%20https:\/www.giulini.it\/wp-content\/uploads\/2026\/01\/FUORISALONE_giulini_rubinetteria_3.1-2-768x329.png%20768w,%20https:\/www.giulini.it\/wp-content\/uploads\/2026\/01\/FUORISALONE_giulini_rubinetteria_3.1-2-800x342.png%20800w,%20https:\/www.giulini.it\/wp-content\/uploads\/2026\/01\/FUORISALONE_giulini_rubinetteria_3.1-2-1024x438.png%201024w,%20https:\/www.giulini.it\/wp-content\/uploads\/2026\/01\/FUORISALONE_giulini_rubinetteria_3.1-2-1200x513.png%201200w,%20https:\/www.giulini.it\/wp-content\/uploads\/2026\/01\/FUORISALONE_giulini_rubinetteria_3.1-2-1536x657.png%201536w,%20https:\/www.giulini.it\/wp-content\/uploads\/2026\/01\/FUORISALONE_giulini_rubinetteria_3.1-2.png%201564w\" sizes=\"(max-width: 1564px) 100vw, 1564px\" \/><\/p>\n<p><img decoding=\"async\" class=\"wp-image-36731 size-full aligncenter\" src=\"https:\/\/www.giulini.it\/wp-content\/uploads\/2026\/01\/FUORISALONE_giulini_rubinetteria_3.2-2.png\" alt=\"\" width=\"1005\" height=\"669\" srcset=\"https:\/\/www.giulini.it\/wp-content\/uploads\/2026\/01\/FUORISALONE_giulini_rubinetteria_3.2-2-200x133.png%20200w,%20https:\/www.giulini.it\/wp-content\/uploads\/2026\/01\/FUORISALONE_giulini_rubinetteria_3.2-2-300x200.png%20300w,%20https:\/www.giulini.it\/wp-content\/uploads\/2026\/01\/FUORISALONE_giulini_rubinetteria_3.2-2-400x266.png%20400w,%20https:\/www.giulini.it\/wp-content\/uploads\/2026\/01\/FUORISALONE_giulini_rubinetteria_3.2-2-500x333.png%20500w,%20https:\/www.giulini.it\/wp-content\/uploads\/2026\/01\/FUORISALONE_giulini_rubinetteria_3.2-2-600x399.png%20600w,%20https:\/www.giulini.it\/wp-content\/uploads\/2026\/01\/FUORISALONE_giulini_rubinetteria_3.2-2-700x466.png%20700w,%20https:\/www.giulini.it\/wp-content\/uploads\/2026\/01\/FUORISALONE_giulini_rubinetteria_3.2-2-768x511.png%20768w,%20https:\/www.giulini.it\/wp-content\/uploads\/2026\/01\/FUORISALONE_giulini_rubinetteria_3.2-2-800x533.png%20800w,%20https:\/www.giulini.it\/wp-content\/uploads\/2026\/01\/FUORISALONE_giulini_rubinetteria_3.2-2.png%201005w\" sizes=\"(max-width: 1005px) 100vw, 1005px\" \/><\/p>\n<p><strong>EXPERIENCIA EN EVENTOS Plataforma<\/strong><\/p>\n<p>A continuaci\u00f3n, el ambiente nocturno de la sala de exposiciones nos dio la bienvenida para presentarnos a una selecci\u00f3n de destacados estudios de arquitectura y dise\u00f1o, en colaboraci\u00f3n con Platform, ofreci\u00e9ndonos la oportunidad de relacionarnos directamente con los dise\u00f1adores.<\/p>\n<p><img decoding=\"async\" class=\"alignnone wp-image-36737 size-full\" src=\"https:\/\/www.giulini.it\/wp-content\/uploads\/2026\/01\/FUORISALONE_giulini_rubinetteria_4-4.png\" alt=\"\" width=\"1564\" height=\"669\" srcset=\"https:\/\/www.giulini.it\/wp-content\/uploads\/2026\/01\/FUORISALONE_giulini_rubinetteria_4-4-200x86.png%20200w,%20https:\/www.giulini.it\/wp-content\/uploads\/2026\/01\/FUORISALONE_giulini_rubinetteria_4-4-300x128.png%20300w,%20https:\/www.giulini.it\/wp-content\/uploads\/2026\/01\/FUORISALONE_giulini_rubinetteria_4-4-400x171.png%20400w,%20https:\/www.giulini.it\/wp-content\/uploads\/2026\/01\/FUORISALONE_giulini_rubinetteria_4-4-500x214.png%20500w,%20https:\/www.giulini.it\/wp-content\/uploads\/2026\/01\/FUORISALONE_giulini_rubinetteria_4-4-600x257.png%20600w,%20https:\/www.giulini.it\/wp-content\/uploads\/2026\/01\/FUORISALONE_giulini_rubinetteria_4-4-700x299.png%20700w,%20https:\/www.giulini.it\/wp-content\/uploads\/2026\/01\/FUORISALONE_giulini_rubinetteria_4-4-768x329.png%20768w,%20https:\/www.giulini.it\/wp-content\/uploads\/2026\/01\/FUORISALONE_giulini_rubinetteria_4-4-800x342.png%20800w,%20https:\/www.giulini.it\/wp-content\/uploads\/2026\/01\/FUORISALONE_giulini_rubinetteria_4-4-1024x438.png%201024w,%20https:\/www.giulini.it\/wp-content\/uploads\/2026\/01\/FUORISALONE_giulini_rubinetteria_4-4-1200x513.png%201200w,%20https:\/www.giulini.it\/wp-content\/uploads\/2026\/01\/FUORISALONE_giulini_rubinetteria_4-4-1536x657.png%201536w,%20https:\/www.giulini.it\/wp-content\/uploads\/2026\/01\/FUORISALONE_giulini_rubinetteria_4-4.png%201564w\" sizes=\"(max-width: 1564px) 100vw, 1564px\" \/><\/p>\n<p><strong>EVENTO DE ARQUITECTOS: Conexi\u00f3n y Conciencia en Arquitectura<\/strong><\/p>\n<p>A la tercera sesi\u00f3n de formaci\u00f3n asistieron varios arquitectos y expertos del sector, que ofrecieron una visi\u00f3n del mundo del dise\u00f1o y la planificaci\u00f3n. El tema central de la reuni\u00f3n -la conexi\u00f3n y la conciencia en la arquitectura- gener\u00f3 numerosas ideas y reflexiones sobre c\u00f3mo influye el dise\u00f1o en nuestra vida cotidiana y c\u00f3mo los proyectos pueden volver a conectar con los valores del medio ambiente y el bienestar. <\/p>\n<p><img decoding=\"async\" class=\"aligncenter wp-image-36743 size-full\" src=\"https:\/\/www.giulini.it\/wp-content\/uploads\/2026\/01\/FUORISALONE_giulini_rubinetteria_6-1.png\" alt=\"\" width=\"1031\" height=\"669\" srcset=\"https:\/\/www.giulini.it\/wp-content\/uploads\/2026\/01\/FUORISALONE_giulini_rubinetteria_6-1-200x130.png%20200w,%20https:\/www.giulini.it\/wp-content\/uploads\/2026\/01\/FUORISALONE_giulini_rubinetteria_6-1-300x195.png%20300w,%20https:\/www.giulini.it\/wp-content\/uploads\/2026\/01\/FUORISALONE_giulini_rubinetteria_6-1-400x260.png%20400w,%20https:\/www.giulini.it\/wp-content\/uploads\/2026\/01\/FUORISALONE_giulini_rubinetteria_6-1-500x324.png%20500w,%20https:\/www.giulini.it\/wp-content\/uploads\/2026\/01\/FUORISALONE_giulini_rubinetteria_6-1-600x389.png%20600w,%20https:\/www.giulini.it\/wp-content\/uploads\/2026\/01\/FUORISALONE_giulini_rubinetteria_6-1-700x454.png%20700w,%20https:\/www.giulini.it\/wp-content\/uploads\/2026\/01\/FUORISALONE_giulini_rubinetteria_6-1-768x498.png%20768w,%20https:\/www.giulini.it\/wp-content\/uploads\/2026\/01\/FUORISALONE_giulini_rubinetteria_6-1-800x519.png%20800w,%20https:\/www.giulini.it\/wp-content\/uploads\/2026\/01\/FUORISALONE_giulini_rubinetteria_6-1-1024x664.png%201024w,%20https:\/www.giulini.it\/wp-content\/uploads\/2026\/01\/FUORISALONE_giulini_rubinetteria_6-1.png%201031w\" sizes=\"(max-width: 1031px) 100vw, 1031px\" \/><\/p>\n","protected":false},"excerpt":{"rendered":"<p>Giulini G. Rubinetteria particip\u00f3 en el Fuorisalone 2025, acogiendo a  [&#8230;]<\/p>\n","protected":false},"author":5,"featured_media":36550,"comment_status":"closed","ping_status":"closed","sticky":false,"template":"","format":"standard","meta":{"_bbp_topic_count":0,"_bbp_reply_count":0,"_bbp_total_topic_count":0,"_bbp_total_reply_count":0,"_bbp_voice_count":0,"_bbp_anonymous_reply_count":0,"_bbp_topic_count_hidden":0,"_bbp_reply_count_hidden":0,"_bbp_forum_subforum_count":0,"footnotes":""},"categories":[323],"tags":[],"class_list":["post-36555","post","type-post","status-publish","format-standard","has-post-thumbnail","hentry","category-g-habla"],"acf":[],"yoast_head":"<!-- This site is optimized with the Yoast SEO plugin v26.2 - https:\/\/yoast.com\/wordpress\/plugins\/seo\/ -->\n<title>FUORISALONE 2025 - Bienestar dentro y fuera - Rubinetterie Giulini<\/title>\n<meta name=\"robots\" content=\"index, follow, max-snippet:-1, max-image-preview:large, max-video-preview:-1\" \/>\n<link rel=\"canonical\" href=\"https:\/\/www.giulini.it\/es\/fuorisalone-2025-bienestar-dentro-y-fuera\/\" \/>\n<meta property=\"og:locale\" content=\"es_ES\" \/>\n<meta property=\"og:type\" content=\"article\" \/>\n<meta property=\"og:title\" content=\"FUORISALONE 2025 - Bienestar dentro y fuera - Rubinetterie Giulini\" \/>\n<meta property=\"og:description\" content=\"Giulini G. Rubinetteria particip\u00f3 en el Fuorisalone 2025, acogiendo a [...]\" \/>\n<meta property=\"og:url\" content=\"https:\/\/www.giulini.it\/es\/fuorisalone-2025-bienestar-dentro-y-fuera\/\" \/>\n<meta property=\"og:site_name\" content=\"Rubinetterie Giulini\" \/>\n<meta property=\"article:publisher\" content=\"https:\/\/www.facebook.com\/profile.php?id=61573782434677\" \/>\n<meta property=\"article:published_time\" content=\"2026-01-19T10:34:10+00:00\" \/>\n<meta property=\"article:modified_time\" content=\"2026-01-19T16:27:06+00:00\" \/>\n<meta property=\"og:image\" content=\"https:\/\/www.giulini.it\/wp-content\/uploads\/2026\/01\/GTalk_anteprima_Giulini_FUORISALONE-1.jpg\" \/>\n\t<meta property=\"og:image:width\" content=\"747\" \/>\n\t<meta property=\"og:image:height\" content=\"451\" \/>\n\t<meta property=\"og:image:type\" content=\"image\/jpeg\" \/>\n<meta name=\"author\" content=\"Gaia\" \/>\n<meta name=\"twitter:card\" content=\"summary_large_image\" \/>\n<meta name=\"twitter:label1\" content=\"Escrito por\" \/>\n\t<meta name=\"twitter:data1\" content=\"Gaia\" \/>\n\t<meta name=\"twitter:label2\" content=\"Tiempo de lectura\" \/>\n\t<meta name=\"twitter:data2\" content=\"1 minuto\" \/>\n<script type=\"application\/ld+json\" class=\"yoast-schema-graph\">{\"@context\":\"https:\/\/schema.org\",\"@graph\":[{\"@type\":\"Article\",\"@id\":\"https:\/\/www.giulini.it\/es\/fuorisalone-2025-bienestar-dentro-y-fuera\/#article\",\"isPartOf\":{\"@id\":\"https:\/\/www.giulini.it\/es\/fuorisalone-2025-bienestar-dentro-y-fuera\/\"},\"author\":{\"name\":\"Gaia\",\"@id\":\"https:\/\/www.giulini.it\/#\/schema\/person\/d84a3e7d0827bce2b06481363205e8fe\"},\"headline\":\"FUORISALONE 2025 &#8211; Bienestar dentro y fuera\",\"datePublished\":\"2026-01-19T10:34:10+00:00\",\"dateModified\":\"2026-01-19T16:27:06+00:00\",\"mainEntityOfPage\":{\"@id\":\"https:\/\/www.giulini.it\/es\/fuorisalone-2025-bienestar-dentro-y-fuera\/\"},\"wordCount\":294,\"publisher\":{\"@id\":\"https:\/\/www.giulini.it\/#organization\"},\"image\":{\"@id\":\"https:\/\/www.giulini.it\/es\/fuorisalone-2025-bienestar-dentro-y-fuera\/#primaryimage\"},\"thumbnailUrl\":\"https:\/\/www.giulini.it\/wp-content\/uploads\/2026\/01\/GTalk_anteprima_Giulini_FUORISALONE-1.jpg\",\"articleSection\":[\"G. Habla\"],\"inLanguage\":\"es\"},{\"@type\":\"WebPage\",\"@id\":\"https:\/\/www.giulini.it\/es\/fuorisalone-2025-bienestar-dentro-y-fuera\/\",\"url\":\"https:\/\/www.giulini.it\/es\/fuorisalone-2025-bienestar-dentro-y-fuera\/\",\"name\":\"FUORISALONE 2025 - Bienestar dentro y fuera - Rubinetterie Giulini\",\"isPartOf\":{\"@id\":\"https:\/\/www.giulini.it\/#website\"},\"primaryImageOfPage\":{\"@id\":\"https:\/\/www.giulini.it\/es\/fuorisalone-2025-bienestar-dentro-y-fuera\/#primaryimage\"},\"image\":{\"@id\":\"https:\/\/www.giulini.it\/es\/fuorisalone-2025-bienestar-dentro-y-fuera\/#primaryimage\"},\"thumbnailUrl\":\"https:\/\/www.giulini.it\/wp-content\/uploads\/2026\/01\/GTalk_anteprima_Giulini_FUORISALONE-1.jpg\",\"datePublished\":\"2026-01-19T10:34:10+00:00\",\"dateModified\":\"2026-01-19T16:27:06+00:00\",\"breadcrumb\":{\"@id\":\"https:\/\/www.giulini.it\/es\/fuorisalone-2025-bienestar-dentro-y-fuera\/#breadcrumb\"},\"inLanguage\":\"es\",\"potentialAction\":[{\"@type\":\"ReadAction\",\"target\":[\"https:\/\/www.giulini.it\/es\/fuorisalone-2025-bienestar-dentro-y-fuera\/\"]}]},{\"@type\":\"ImageObject\",\"inLanguage\":\"es\",\"@id\":\"https:\/\/www.giulini.it\/es\/fuorisalone-2025-bienestar-dentro-y-fuera\/#primaryimage\",\"url\":\"https:\/\/www.giulini.it\/wp-content\/uploads\/2026\/01\/GTalk_anteprima_Giulini_FUORISALONE-1.jpg\",\"contentUrl\":\"https:\/\/www.giulini.it\/wp-content\/uploads\/2026\/01\/GTalk_anteprima_Giulini_FUORISALONE-1.jpg\",\"width\":747,\"height\":451},{\"@type\":\"BreadcrumbList\",\"@id\":\"https:\/\/www.giulini.it\/es\/fuorisalone-2025-bienestar-dentro-y-fuera\/#breadcrumb\",\"itemListElement\":[{\"@type\":\"ListItem\",\"position\":1,\"name\":\"Home\",\"item\":\"https:\/\/www.giulini.it\/es\/inicio\/\"},{\"@type\":\"ListItem\",\"position\":2,\"name\":\"FUORISALONE 2025 &#8211; Bienestar dentro y fuera\"}]},{\"@type\":\"WebSite\",\"@id\":\"https:\/\/www.giulini.it\/#website\",\"url\":\"https:\/\/www.giulini.it\/\",\"name\":\"Rubinetterie Giulini\",\"description\":\"\",\"publisher\":{\"@id\":\"https:\/\/www.giulini.it\/#organization\"},\"potentialAction\":[{\"@type\":\"SearchAction\",\"target\":{\"@type\":\"EntryPoint\",\"urlTemplate\":\"https:\/\/www.giulini.it\/?s=%7Bsearch_term_string%7D\"},\"query-input\":{\"@type\":\"PropertyValueSpecification\",\"valueRequired\":true,\"valueName\":\"search_term_string\"}}],\"inLanguage\":\"es\"},{\"@type\":\"Organization\",\"@id\":\"https:\/\/www.giulini.it\/#organization\",\"name\":\"Rubinetterie Giulini\",\"url\":\"https:\/\/www.giulini.it\/\",\"logo\":{\"@type\":\"ImageObject\",\"inLanguage\":\"es\",\"@id\":\"https:\/\/www.giulini.it\/#\/schema\/logo\/image\/\",\"url\":\"https:\/\/www.giulini.it\/wp-content\/uploads\/2025\/10\/Logo-GIULINI.svg\",\"contentUrl\":\"https:\/\/www.giulini.it\/wp-content\/uploads\/2025\/10\/Logo-GIULINI.svg\",\"width\":1036,\"height\":250,\"caption\":\"Rubinetterie Giulini\"},\"image\":{\"@id\":\"https:\/\/www.giulini.it\/#\/schema\/logo\/image\/\"},\"sameAs\":[\"https:\/\/www.facebook.com\/profile.php?id=61573782434677\"]},{\"@type\":\"Person\",\"@id\":\"https:\/\/www.giulini.it\/#\/schema\/person\/d84a3e7d0827bce2b06481363205e8fe\",\"name\":\"Gaia\",\"image\":{\"@type\":\"ImageObject\",\"inLanguage\":\"es\",\"@id\":\"https:\/\/www.giulini.it\/#\/schema\/person\/image\/\",\"url\":\"https:\/\/secure.gravatar.com\/avatar\/6606b49563a430305a73b914c9bf5a1ca47779abbbb04ec4428c1931022afe50?s=96&d=mm&r=g\",\"contentUrl\":\"https:\/\/secure.gravatar.com\/avatar\/6606b49563a430305a73b914c9bf5a1ca47779abbbb04ec4428c1931022afe50?s=96&d=mm&r=g\",\"caption\":\"Gaia\"},\"url\":\"https:\/\/www.giulini.it\/es\/author\/webmaster\/\"}]}<\/script>\n<!-- \/ Yoast SEO plugin. -->","yoast_head_json":{"title":"FUORISALONE 2025 - Bienestar dentro y fuera - Rubinetterie Giulini","robots":{"index":"index","follow":"follow","max-snippet":"max-snippet:-1","max-image-preview":"max-image-preview:large","max-video-preview":"max-video-preview:-1"},"canonical":"https:\/\/www.giulini.it\/es\/fuorisalone-2025-bienestar-dentro-y-fuera\/","og_locale":"es_ES","og_type":"article","og_title":"FUORISALONE 2025 - Bienestar dentro y fuera - Rubinetterie Giulini","og_description":"Giulini G. Rubinetteria particip\u00f3 en el Fuorisalone 2025, acogiendo a [...]","og_url":"https:\/\/www.giulini.it\/es\/fuorisalone-2025-bienestar-dentro-y-fuera\/","og_site_name":"Rubinetterie Giulini","article_publisher":"https:\/\/www.facebook.com\/profile.php?id=61573782434677","article_published_time":"2026-01-19T10:34:10+00:00","article_modified_time":"2026-01-19T16:27:06+00:00","og_image":[{"width":747,"height":451,"url":"https:\/\/www.giulini.it\/wp-content\/uploads\/2026\/01\/GTalk_anteprima_Giulini_FUORISALONE-1.jpg","type":"image\/jpeg"}],"author":"Gaia","twitter_card":"summary_large_image","twitter_misc":{"Escrito por":"Gaia","Tiempo de lectura":"1 minuto"},"schema":{"@context":"https:\/\/schema.org","@graph":[{"@type":"Article","@id":"https:\/\/www.giulini.it\/es\/fuorisalone-2025-bienestar-dentro-y-fuera\/#article","isPartOf":{"@id":"https:\/\/www.giulini.it\/es\/fuorisalone-2025-bienestar-dentro-y-fuera\/"},"author":{"name":"Gaia","@id":"https:\/\/www.giulini.it\/#\/schema\/person\/d84a3e7d0827bce2b06481363205e8fe"},"headline":"FUORISALONE 2025 &#8211; Bienestar dentro y fuera","datePublished":"2026-01-19T10:34:10+00:00","dateModified":"2026-01-19T16:27:06+00:00","mainEntityOfPage":{"@id":"https:\/\/www.giulini.it\/es\/fuorisalone-2025-bienestar-dentro-y-fuera\/"},"wordCount":294,"publisher":{"@id":"https:\/\/www.giulini.it\/#organization"},"image":{"@id":"https:\/\/www.giulini.it\/es\/fuorisalone-2025-bienestar-dentro-y-fuera\/#primaryimage"},"thumbnailUrl":"https:\/\/www.giulini.it\/wp-content\/uploads\/2026\/01\/GTalk_anteprima_Giulini_FUORISALONE-1.jpg","articleSection":["G. Habla"],"inLanguage":"es"},{"@type":"WebPage","@id":"https:\/\/www.giulini.it\/es\/fuorisalone-2025-bienestar-dentro-y-fuera\/","url":"https:\/\/www.giulini.it\/es\/fuorisalone-2025-bienestar-dentro-y-fuera\/","name":"FUORISALONE 2025 - Bienestar dentro y fuera - Rubinetterie Giulini","isPartOf":{"@id":"https:\/\/www.giulini.it\/#website"},"primaryImageOfPage":{"@id":"https:\/\/www.giulini.it\/es\/fuorisalone-2025-bienestar-dentro-y-fuera\/#primaryimage"},"image":{"@id":"https:\/\/www.giulini.it\/es\/fuorisalone-2025-bienestar-dentro-y-fuera\/#primaryimage"},"thumbnailUrl":"https:\/\/www.giulini.it\/wp-content\/uploads\/2026\/01\/GTalk_anteprima_Giulini_FUORISALONE-1.jpg","datePublished":"2026-01-19T10:34:10+00:00","dateModified":"2026-01-19T16:27:06+00:00","breadcrumb":{"@id":"https:\/\/www.giulini.it\/es\/fuorisalone-2025-bienestar-dentro-y-fuera\/#breadcrumb"},"inLanguage":"es","potentialAction":[{"@type":"ReadAction","target":["https:\/\/www.giulini.it\/es\/fuorisalone-2025-bienestar-dentro-y-fuera\/"]}]},{"@type":"ImageObject","inLanguage":"es","@id":"https:\/\/www.giulini.it\/es\/fuorisalone-2025-bienestar-dentro-y-fuera\/#primaryimage","url":"https:\/\/www.giulini.it\/wp-content\/uploads\/2026\/01\/GTalk_anteprima_Giulini_FUORISALONE-1.jpg","contentUrl":"https:\/\/www.giulini.it\/wp-content\/uploads\/2026\/01\/GTalk_anteprima_Giulini_FUORISALONE-1.jpg","width":747,"height":451},{"@type":"BreadcrumbList","@id":"https:\/\/www.giulini.it\/es\/fuorisalone-2025-bienestar-dentro-y-fuera\/#breadcrumb","itemListElement":[{"@type":"ListItem","position":1,"name":"Home","item":"https:\/\/www.giulini.it\/es\/inicio\/"},{"@type":"ListItem","position":2,"name":"FUORISALONE 2025 &#8211; Bienestar dentro y fuera"}]},{"@type":"WebSite","@id":"https:\/\/www.giulini.it\/#website","url":"https:\/\/www.giulini.it\/","name":"Rubinetterie Giulini","description":"","publisher":{"@id":"https:\/\/www.giulini.it\/#organization"},"potentialAction":[{"@type":"SearchAction","target":{"@type":"EntryPoint","urlTemplate":"https:\/\/www.giulini.it\/?s=%7Bsearch_term_string%7D"},"query-input":{"@type":"PropertyValueSpecification","valueRequired":true,"valueName":"search_term_string"}}],"inLanguage":"es"},{"@type":"Organization","@id":"https:\/\/www.giulini.it\/#organization","name":"Rubinetterie Giulini","url":"https:\/\/www.giulini.it\/","logo":{"@type":"ImageObject","inLanguage":"es","@id":"https:\/\/www.giulini.it\/#\/schema\/logo\/image\/","url":"https:\/\/www.giulini.it\/wp-content\/uploads\/2025\/10\/Logo-GIULINI.svg","contentUrl":"https:\/\/www.giulini.it\/wp-content\/uploads\/2025\/10\/Logo-GIULINI.svg","width":1036,"height":250,"caption":"Rubinetterie Giulini"},"image":{"@id":"https:\/\/www.giulini.it\/#\/schema\/logo\/image\/"},"sameAs":["https:\/\/www.facebook.com\/profile.php?id=61573782434677"]},{"@type":"Person","@id":"https:\/\/www.giulini.it\/#\/schema\/person\/d84a3e7d0827bce2b06481363205e8fe","name":"Gaia","image":{"@type":"ImageObject","inLanguage":"es","@id":"https:\/\/www.giulini.it\/#\/schema\/person\/image\/","url":"https:\/\/secure.gravatar.com\/avatar\/6606b49563a430305a73b914c9bf5a1ca47779abbbb04ec4428c1931022afe50?s=96&d=mm&r=g","contentUrl":"https:\/\/secure.gravatar.com\/avatar\/6606b49563a430305a73b914c9bf5a1ca47779abbbb04ec4428c1931022afe50?s=96&d=mm&r=g","caption":"Gaia"},"url":"https:\/\/www.giulini.it\/es\/author\/webmaster\/"}]}},"_links":{"self":[{"href":"https:\/\/www.giulini.it\/es\/wp-json\/wp\/v2\/posts\/36555","targetHints":{"allow":["GET"]}}],"collection":[{"href":"https:\/\/www.giulini.it\/es\/wp-json\/wp\/v2\/posts"}],"about":[{"href":"https:\/\/www.giulini.it\/es\/wp-json\/wp\/v2\/types\/post"}],"author":[{"embeddable":true,"href":"https:\/\/www.giulini.it\/es\/wp-json\/wp\/v2\/users\/5"}],"replies":[{"embeddable":true,"href":"https:\/\/www.giulini.it\/es\/wp-json\/wp\/v2\/comments?post=36555"}],"version-history":[{"count":1,"href":"https:\/\/www.giulini.it\/es\/wp-json\/wp\/v2\/posts\/36555\/revisions"}],"predecessor-version":[{"id":36813,"href":"https:\/\/www.giulini.it\/es\/wp-json\/wp\/v2\/posts\/36555\/revisions\/36813"}],"wp:featuredmedia":[{"embeddable":true,"href":"https:\/\/www.giulini.it\/es\/wp-json\/wp\/v2\/media\/36550"}],"wp:attachment":[{"href":"https:\/\/www.giulini.it\/es\/wp-json\/wp\/v2\/media?parent=36555"}],"wp:term":[{"taxonomy":"category","embeddable":true,"href":"https:\/\/www.giulini.it\/es\/wp-json\/wp\/v2\/categories?post=36555"},{"taxonomy":"post_tag","embeddable":true,"href":"https:\/\/www.giulini.it\/es\/wp-json\/wp\/v2\/tags?post=36555"}],"curies":[{"name":"wp","href":"https:\/\/api.w.org\/{rel}","templated":true}]}}