{"id":36817,"date":"2026-01-20T15:13:58","date_gmt":"2026-01-20T14:13:58","guid":{"rendered":"https:\/\/www.giulini.it\/?p=36817"},"modified":"2026-01-20T15:14:02","modified_gmt":"2026-01-20T14:14:02","slug":"los-idiomas-del-tiempo-exposicion-internacional","status":"publish","type":"post","link":"https:\/\/www.giulini.it\/es\/los-idiomas-del-tiempo-exposicion-internacional\/","title":{"rendered":"LOS IDIOMAS DEL TIEMPO &#8211; Exposici\u00f3n Internacional"},"content":{"rendered":"<p><strong>\u00abLos lenguajes del tiempo en el dise\u00f1o para una vida mejor\u00bb.<\/strong><\/p>\n<p>Giulini G. Rubinetteria particip\u00f3 junto con otras excelencias italianas en la exposici\u00f3n \u00abI linguaggi del tempo nel design per una vita migliore\u00bb (\u00abLos lenguajes del tiempo en el dise\u00f1o para una vida mejor\u00bb) celebrada en el Instituto Italiano de Cultura de Almaty, en Kazajst\u00e1n. Un viaje de 30 a\u00f1os, de 1995 a 2025, en el que c\u00edclicamente el dise\u00f1o ha cambiado de lenguaje evolucionando y modific\u00e1ndose con el objetivo de hacer mejor el mundo que nos rodea. <\/p>\n<p>Exposici\u00f3n comisariada por el arquitecto Marco Poletti, en colaboraci\u00f3n con Gaia Zanotti.<\/p>\n<p><img decoding=\"async\" class=\"alignnone wp-image-36750 size-full\" src=\"https:\/\/www.giulini.it\/wp-content\/uploads\/2026\/01\/LDT_giulini_rubinetteria_1-1.png\" alt=\"\" width=\"1564\" height=\"625\" srcset=\"https:\/\/www.giulini.it\/wp-content\/uploads\/2026\/01\/LDT_giulini_rubinetteria_1-1-200x80.png%20200w,%20https:\/www.giulini.it\/wp-content\/uploads\/2026\/01\/LDT_giulini_rubinetteria_1-1-300x120.png%20300w,%20https:\/www.giulini.it\/wp-content\/uploads\/2026\/01\/LDT_giulini_rubinetteria_1-1-400x160.png%20400w,%20https:\/www.giulini.it\/wp-content\/uploads\/2026\/01\/LDT_giulini_rubinetteria_1-1-500x200.png%20500w,%20https:\/www.giulini.it\/wp-content\/uploads\/2026\/01\/LDT_giulini_rubinetteria_1-1-600x240.png%20600w,%20https:\/www.giulini.it\/wp-content\/uploads\/2026\/01\/LDT_giulini_rubinetteria_1-1-700x280.png%20700w,%20https:\/www.giulini.it\/wp-content\/uploads\/2026\/01\/LDT_giulini_rubinetteria_1-1-768x307.png%20768w,%20https:\/www.giulini.it\/wp-content\/uploads\/2026\/01\/LDT_giulini_rubinetteria_1-1-800x320.png%20800w,%20https:\/www.giulini.it\/wp-content\/uploads\/2026\/01\/LDT_giulini_rubinetteria_1-1-1024x409.png%201024w,%20https:\/www.giulini.it\/wp-content\/uploads\/2026\/01\/LDT_giulini_rubinetteria_1-1-1200x480.png%201200w,%20https:\/www.giulini.it\/wp-content\/uploads\/2026\/01\/LDT_giulini_rubinetteria_1-1-1536x614.png%201536w,%20https:\/www.giulini.it\/wp-content\/uploads\/2026\/01\/LDT_giulini_rubinetteria_1-1.png%201564w\" sizes=\"(max-width: 1564px) 100vw, 1564px\" \/><\/p>\n<p><img decoding=\"async\" class=\"wp-image-36756 size-full alignnone\" src=\"https:\/\/www.giulini.it\/wp-content\/uploads\/2026\/01\/LDT_giulini_rubinetteria_2-1.png\" alt=\"\" width=\"1564\" height=\"625\" srcset=\"https:\/\/www.giulini.it\/wp-content\/uploads\/2026\/01\/LDT_giulini_rubinetteria_2-1-200x80.png%20200w,%20https:\/www.giulini.it\/wp-content\/uploads\/2026\/01\/LDT_giulini_rubinetteria_2-1-300x120.png%20300w,%20https:\/www.giulini.it\/wp-content\/uploads\/2026\/01\/LDT_giulini_rubinetteria_2-1-400x160.png%20400w,%20https:\/www.giulini.it\/wp-content\/uploads\/2026\/01\/LDT_giulini_rubinetteria_2-1-500x200.png%20500w,%20https:\/www.giulini.it\/wp-content\/uploads\/2026\/01\/LDT_giulini_rubinetteria_2-1-600x240.png%20600w,%20https:\/www.giulini.it\/wp-content\/uploads\/2026\/01\/LDT_giulini_rubinetteria_2-1-700x280.png%20700w,%20https:\/www.giulini.it\/wp-content\/uploads\/2026\/01\/LDT_giulini_rubinetteria_2-1-768x307.png%20768w,%20https:\/www.giulini.it\/wp-content\/uploads\/2026\/01\/LDT_giulini_rubinetteria_2-1-800x320.png%20800w,%20https:\/www.giulini.it\/wp-content\/uploads\/2026\/01\/LDT_giulini_rubinetteria_2-1-1024x409.png%201024w,%20https:\/www.giulini.it\/wp-content\/uploads\/2026\/01\/LDT_giulini_rubinetteria_2-1-1200x480.png%201200w,%20https:\/www.giulini.it\/wp-content\/uploads\/2026\/01\/LDT_giulini_rubinetteria_2-1-1536x614.png%201536w,%20https:\/www.giulini.it\/wp-content\/uploads\/2026\/01\/LDT_giulini_rubinetteria_2-1.png%201564w\" sizes=\"(max-width: 1564px) 100vw, 1564px\" \/><\/p>\n<p>En la inauguraci\u00f3n de la exposici\u00f3n en el Instituto Cultural Italiano\/Espacio-D de Almaty, Kazajst\u00e1n, en presencia del Embajador Adjunto Petito Aniello, el Director del Instituto Cultural Italiano Edoardo Crisafulli y el Director del ICE Martino Castellani.<\/p>\n<p><img decoding=\"async\" class=\"wp-image-36763 size-full aligncenter\" src=\"https:\/\/www.giulini.it\/wp-content\/uploads\/2026\/01\/LDT_giulini_rubinetteria_3-1.png\" alt=\"\" width=\"1026\" height=\"625\" srcset=\"https:\/\/www.giulini.it\/wp-content\/uploads\/2026\/01\/LDT_giulini_rubinetteria_3-1-200x122.png%20200w,%20https:\/www.giulini.it\/wp-content\/uploads\/2026\/01\/LDT_giulini_rubinetteria_3-1-300x183.png%20300w,%20https:\/www.giulini.it\/wp-content\/uploads\/2026\/01\/LDT_giulini_rubinetteria_3-1-400x244.png%20400w,%20https:\/www.giulini.it\/wp-content\/uploads\/2026\/01\/LDT_giulini_rubinetteria_3-1-500x305.png%20500w,%20https:\/www.giulini.it\/wp-content\/uploads\/2026\/01\/LDT_giulini_rubinetteria_3-1-600x365.png%20600w,%20https:\/www.giulini.it\/wp-content\/uploads\/2026\/01\/LDT_giulini_rubinetteria_3-1-700x426.png%20700w,%20https:\/www.giulini.it\/wp-content\/uploads\/2026\/01\/LDT_giulini_rubinetteria_3-1-768x468.png%20768w,%20https:\/www.giulini.it\/wp-content\/uploads\/2026\/01\/LDT_giulini_rubinetteria_3-1-800x487.png%20800w,%20https:\/www.giulini.it\/wp-content\/uploads\/2026\/01\/LDT_giulini_rubinetteria_3-1-1024x624.png%201024w,%20https:\/www.giulini.it\/wp-content\/uploads\/2026\/01\/LDT_giulini_rubinetteria_3-1.png%201026w\" sizes=\"(max-width: 1026px) 100vw, 1026px\" \/><\/p>\n<p>La exposici\u00f3n, concebida para tener un car\u00e1cter modular y difuso, hizo una parada en el interior de la prestigiosa escuela de dise\u00f1o kazaja \u00abKazGASA\u00bb, y despu\u00e9s regres\u00f3 a Italia. En Mil\u00e1n, dentro del Palazzo Bocconi. <\/p>\n<p><strong>Tema de la exposici\u00f3n<\/strong><\/p>\n<p><strong>\u00abLos lenguajes del tiempo en el dise\u00f1o para una vida mejor\u00bb<\/strong> no s\u00f3lo explica el proceso creativo del dise\u00f1ador, sino que sobre todo muestra c\u00f3mo el dise\u00f1o, de forma c\u00edclica, se anticipa al cambio, esforz\u00e1ndose por mejorar la calidad de vida y reducir las desigualdades.<br \/>\nEl dise\u00f1o, como veh\u00edculo de transformaci\u00f3n, es un enfoque que va m\u00e1s all\u00e1 de la est\u00e9tica y la funcionalidad. Es una disciplina estrat\u00e9gica que combina la creatividad y la resoluci\u00f3n de problemas para generar impactos positivos a gran escala. Hay muchas \u00e1reas en las que el dise\u00f1o desempe\u00f1a un papel crucial como agente de cambio: la innovaci\u00f3n social, la sostenibilidad medioambiental, la transformaci\u00f3n econ\u00f3mica, la tecnolog\u00eda y la digitalizaci\u00f3n, as\u00ed como los espacios y las comunidades. Por tanto, trabajando en sinergia con otras disciplinas, el dise\u00f1o tiene el potencial de conducir a la humanidad hacia un futuro m\u00e1s sostenible, equitativo e innovador. Los Lenguajes del Tiempo son puntos de vista que, a trav\u00e9s de un proceso evolutivo, se transforman en Visiones estrat\u00e9gicas, dentro de las cuales toman forma distintos tipos de C\u00e1psulas\/Editorios. Una espiral en constante evoluci\u00f3n que, con cada ciclo, genera un nuevo lenguaje. La exposici\u00f3n \u00abLos Lenguajes del Tiempo en el Dise\u00f1o para una Vida Mejor\u00bb ilustra y explica, a trav\u00e9s de 8 ciclos, c\u00f3mo el dise\u00f1o ha sido y sigue siendo capaz de descodificar, interpretar y anticipar no s\u00f3lo las necesidades actuales, sino tambi\u00e9n los deseos y necesidades futuros.      <\/p>\n<p><strong>Objetivos de la exposici\u00f3n<\/strong><\/p>\n<p><strong> <\/strong>El dise\u00f1o es un poderoso veh\u00edculo para el cambio: entrelaza creatividad, innovaci\u00f3n y estrategia para abordar retos sociales, medioambientales y econ\u00f3micos. Su capacidad para influir en la forma en que pensamos, vivimos e interactuamos con el mundo lo convierte en una herramienta clave para impulsar transformaciones positivas. El dise\u00f1o como veh\u00edculo de cambio es un enfoque que trasciende la est\u00e9tica y la funcionalidad: vincula la creatividad y la capacidad de resolver problemas para generar impactos positivos a gran escala. Trabajando en sinergia con otras disciplinas, puede guiar a la humanidad hacia un futuro m\u00e1s sostenible, equitativo e innovador. Las desigualdades -sociales, econ\u00f3micas, culturales o medioambientales- se encuentran entre los retos m\u00e1s acuciantes de nuestro tiempo. El dise\u00f1o puede actuar como fuerza transformadora para reducir estas desigualdades y contribuir a una vida mejor para todos. Mediante soluciones innovadoras e integradoras, puede promover la igualdad, la justicia y el bienestar.      <\/p>\n<p>En resumen, el concepto de <strong>\u00abLenguajes del Tiempo\u00bb<\/strong> representa un elemento fundamental de la filosof\u00eda de dise\u00f1o de Marco Poletti. Una idea \u00fanica y original que explora las distintas dimensiones del tiempo dentro del proceso creativo y de producci\u00f3n. La exposici\u00f3n representa su respuesta concreta.  <\/p>\n<p><strong>Productos Giulini en la exposici\u00f3n<\/strong><\/p>\n<p>EVOLUCI\u00d3N DE LOS FLUIDOS &#8211; 2023\/ 2024<\/p>\n<p>Mi Futuro interpreta a la perfecci\u00f3n el concepto de colecci\u00f3n fluida de esta Lengua, en la que la posibilidad de elegir los acabados, la elaboraci\u00f3n Deluxe y la coloraci\u00f3n RAL da al dise\u00f1ador la libertad de una personalizaci\u00f3n total.<\/p>\n<p><img decoding=\"async\" class=\"alignnone wp-image-36802 size-full\" src=\"https:\/\/www.giulini.it\/wp-content\/uploads\/2026\/01\/LDT_giulini_rubinetteria_4-1.png\" alt=\"\" width=\"1564\" height=\"625\" srcset=\"https:\/\/www.giulini.it\/wp-content\/uploads\/2026\/01\/LDT_giulini_rubinetteria_4-1-200x80.png%20200w,%20https:\/www.giulini.it\/wp-content\/uploads\/2026\/01\/LDT_giulini_rubinetteria_4-1-300x120.png%20300w,%20https:\/www.giulini.it\/wp-content\/uploads\/2026\/01\/LDT_giulini_rubinetteria_4-1-400x160.png%20400w,%20https:\/www.giulini.it\/wp-content\/uploads\/2026\/01\/LDT_giulini_rubinetteria_4-1-500x200.png%20500w,%20https:\/www.giulini.it\/wp-content\/uploads\/2026\/01\/LDT_giulini_rubinetteria_4-1-600x240.png%20600w,%20https:\/www.giulini.it\/wp-content\/uploads\/2026\/01\/LDT_giulini_rubinetteria_4-1-700x280.png%20700w,%20https:\/www.giulini.it\/wp-content\/uploads\/2026\/01\/LDT_giulini_rubinetteria_4-1-768x307.png%20768w,%20https:\/www.giulini.it\/wp-content\/uploads\/2026\/01\/LDT_giulini_rubinetteria_4-1-800x320.png%20800w,%20https:\/www.giulini.it\/wp-content\/uploads\/2026\/01\/LDT_giulini_rubinetteria_4-1-1024x409.png%201024w,%20https:\/www.giulini.it\/wp-content\/uploads\/2026\/01\/LDT_giulini_rubinetteria_4-1-1200x480.png%201200w,%20https:\/www.giulini.it\/wp-content\/uploads\/2026\/01\/LDT_giulini_rubinetteria_4-1-1536x614.png%201536w,%20https:\/www.giulini.it\/wp-content\/uploads\/2026\/01\/LDT_giulini_rubinetteria_4-1.png%201564w\" sizes=\"(max-width: 1564px) 100vw, 1564px\" \/><\/p>\n<p>A MI MANERA &#8211; 2015\/2019<\/p>\n<p>EGO interpreta el car\u00e1cter y la identidad de la empresa al emprender un camino propio y diferente con objetivos claros y estrategias definidas.<\/p>\n<p><img decoding=\"async\" class=\"alignnone wp-image-36796 size-full\" src=\"https:\/\/www.giulini.it\/wp-content\/uploads\/2026\/01\/LDT_giulini_rubinetteria_5-1.png\" alt=\"\" width=\"1564\" height=\"625\" srcset=\"https:\/\/www.giulini.it\/wp-content\/uploads\/2026\/01\/LDT_giulini_rubinetteria_5-1-200x80.png%20200w,%20https:\/www.giulini.it\/wp-content\/uploads\/2026\/01\/LDT_giulini_rubinetteria_5-1-300x120.png%20300w,%20https:\/www.giulini.it\/wp-content\/uploads\/2026\/01\/LDT_giulini_rubinetteria_5-1-400x160.png%20400w,%20https:\/www.giulini.it\/wp-content\/uploads\/2026\/01\/LDT_giulini_rubinetteria_5-1-500x200.png%20500w,%20https:\/www.giulini.it\/wp-content\/uploads\/2026\/01\/LDT_giulini_rubinetteria_5-1-600x240.png%20600w,%20https:\/www.giulini.it\/wp-content\/uploads\/2026\/01\/LDT_giulini_rubinetteria_5-1-700x280.png%20700w,%20https:\/www.giulini.it\/wp-content\/uploads\/2026\/01\/LDT_giulini_rubinetteria_5-1-768x307.png%20768w,%20https:\/www.giulini.it\/wp-content\/uploads\/2026\/01\/LDT_giulini_rubinetteria_5-1-800x320.png%20800w,%20https:\/www.giulini.it\/wp-content\/uploads\/2026\/01\/LDT_giulini_rubinetteria_5-1-1024x409.png%201024w,%20https:\/www.giulini.it\/wp-content\/uploads\/2026\/01\/LDT_giulini_rubinetteria_5-1-1200x480.png%201200w,%20https:\/www.giulini.it\/wp-content\/uploads\/2026\/01\/LDT_giulini_rubinetteria_5-1-1536x614.png%201536w,%20https:\/www.giulini.it\/wp-content\/uploads\/2026\/01\/LDT_giulini_rubinetteria_5-1.png%201564w\" sizes=\"(max-width: 1564px) 100vw, 1564px\" \/><\/p>\n<p><strong>Declaraci\u00f3n curatorial &#8211; Arquitecto y dise\u00f1ador Marco Poletti<\/strong><\/p>\n<p>\u00abMi viaje como Dise\u00f1adora y Arquitecta comenz\u00f3 en 1995, cuando realic\u00e9 mis primeras colecciones para empresas italianas. Lo que empez\u00f3 como una pasi\u00f3n pronto se convirti\u00f3 en una profesi\u00f3n: no s\u00f3lo dise\u00f1ar, sino intuir la direcci\u00f3n correcta antes que los dem\u00e1s, construir estrategias con un equipo y compartir un viaje que dura toda la vida. Pero siempre ha sido mucho m\u00e1s que eso.  <\/p>\n<p>Me di cuenta de que el dise\u00f1o siempre ha sido un poderoso motor de cambio. Una disciplina que, trabajando en sinergia con otras, tiene el potencial de conducir a la humanidad hacia un futuro m\u00e1s sostenible, equitativo e innovador. <\/p>\n<p>Esta exposici\u00f3n es un ejemplo tangible de c\u00f3mo el Dise\u00f1o puede anticipar y fomentar el cambio, conduci\u00e9ndonos hacia una vida mejor.<\/p>\n<p>La idea de \u00abanticiparse a los lenguajes del tiempo\u00bb en el enfoque del dise\u00f1o y la arquitectura de Marco Poletti expresa una visi\u00f3n innovadora y orientada al futuro. Este concepto refleja la capacidad de reconocer e interpretar con antelaci\u00f3n las tendencias y desarrollos emergentes en el mundo del dise\u00f1o. <\/p>\n<p>En esencia, para Marco Poletti, \u00abanticiparse a los lenguajes de la \u00e9poca\u00bb significa esforzarse por permanecer en la vanguardia del dise\u00f1o y la arquitectura, capaz de captar y abordar los nuevos retos y oportunidades a medida que surgen. Es un enfoque que requiere apertura a la innovaci\u00f3n y una b\u00fasqueda continua de ideas y soluciones que no s\u00f3lo anticipen el futuro, sino que ayuden a darle forma.\u00bb <\/p>\n<p><strong>Difusi\u00f3n de la exposici\u00f3n &#8211; KazGASA, Almaty &amp; Palazzo Bocconi, Mil\u00e1n<\/strong><\/p>\n<p>En la prestigiosa Universidad KazGASA de Almaty, siguiendo el concepto de exposici\u00f3n difusa, las colecciones Giulini se exhiben en un marco ad hoc de la exposici\u00f3n \u00abLos lenguajes del tiempo\u00bb.<br \/>\nDestacan: EGO por su fuerte car\u00e1cter y Mi Futuro por su versatilidad.<\/p>\n<p><img decoding=\"async\" class=\"alignnone wp-image-36769 size-full\" src=\"https:\/\/www.giulini.it\/wp-content\/uploads\/2026\/01\/LDT_giulini_rubinetteria_6-1.png\" alt=\"\" width=\"1564\" height=\"625\" srcset=\"https:\/\/www.giulini.it\/wp-content\/uploads\/2026\/01\/LDT_giulini_rubinetteria_6-1-200x80.png%20200w,%20https:\/www.giulini.it\/wp-content\/uploads\/2026\/01\/LDT_giulini_rubinetteria_6-1-300x120.png%20300w,%20https:\/www.giulini.it\/wp-content\/uploads\/2026\/01\/LDT_giulini_rubinetteria_6-1-400x160.png%20400w,%20https:\/www.giulini.it\/wp-content\/uploads\/2026\/01\/LDT_giulini_rubinetteria_6-1-500x200.png%20500w,%20https:\/www.giulini.it\/wp-content\/uploads\/2026\/01\/LDT_giulini_rubinetteria_6-1-600x240.png%20600w,%20https:\/www.giulini.it\/wp-content\/uploads\/2026\/01\/LDT_giulini_rubinetteria_6-1-700x280.png%20700w,%20https:\/www.giulini.it\/wp-content\/uploads\/2026\/01\/LDT_giulini_rubinetteria_6-1-768x307.png%20768w,%20https:\/www.giulini.it\/wp-content\/uploads\/2026\/01\/LDT_giulini_rubinetteria_6-1-800x320.png%20800w,%20https:\/www.giulini.it\/wp-content\/uploads\/2026\/01\/LDT_giulini_rubinetteria_6-1-1024x409.png%201024w,%20https:\/www.giulini.it\/wp-content\/uploads\/2026\/01\/LDT_giulini_rubinetteria_6-1-1200x480.png%201200w,%20https:\/www.giulini.it\/wp-content\/uploads\/2026\/01\/LDT_giulini_rubinetteria_6-1-1536x614.png%201536w,%20https:\/www.giulini.it\/wp-content\/uploads\/2026\/01\/LDT_giulini_rubinetteria_6-1.png%201564w\" sizes=\"(max-width: 1564px) 100vw, 1564px\" \/><\/p>\n<p><img decoding=\"async\" class=\"alignnone wp-image-36775 size-full\" src=\"https:\/\/www.giulini.it\/wp-content\/uploads\/2026\/01\/LDT_giulini_rubinetteria_7-1.png\" alt=\"\" width=\"1564\" height=\"625\" srcset=\"https:\/\/www.giulini.it\/wp-content\/uploads\/2026\/01\/LDT_giulini_rubinetteria_7-1-200x80.png%20200w,%20https:\/www.giulini.it\/wp-content\/uploads\/2026\/01\/LDT_giulini_rubinetteria_7-1-300x120.png%20300w,%20https:\/www.giulini.it\/wp-content\/uploads\/2026\/01\/LDT_giulini_rubinetteria_7-1-400x160.png%20400w,%20https:\/www.giulini.it\/wp-content\/uploads\/2026\/01\/LDT_giulini_rubinetteria_7-1-500x200.png%20500w,%20https:\/www.giulini.it\/wp-content\/uploads\/2026\/01\/LDT_giulini_rubinetteria_7-1-600x240.png%20600w,%20https:\/www.giulini.it\/wp-content\/uploads\/2026\/01\/LDT_giulini_rubinetteria_7-1-700x280.png%20700w,%20https:\/www.giulini.it\/wp-content\/uploads\/2026\/01\/LDT_giulini_rubinetteria_7-1-768x307.png%20768w,%20https:\/www.giulini.it\/wp-content\/uploads\/2026\/01\/LDT_giulini_rubinetteria_7-1-800x320.png%20800w,%20https:\/www.giulini.it\/wp-content\/uploads\/2026\/01\/LDT_giulini_rubinetteria_7-1-1024x409.png%201024w,%20https:\/www.giulini.it\/wp-content\/uploads\/2026\/01\/LDT_giulini_rubinetteria_7-1-1200x480.png%201200w,%20https:\/www.giulini.it\/wp-content\/uploads\/2026\/01\/LDT_giulini_rubinetteria_7-1-1536x614.png%201536w,%20https:\/www.giulini.it\/wp-content\/uploads\/2026\/01\/LDT_giulini_rubinetteria_7-1.png%201564w\" sizes=\"(max-width: 1564px) 100vw, 1564px\" \/><\/p>\n<p>En el Palazzo Bocconi, una prestigiosa ubicaci\u00f3n en el exclusivo centro de Mil\u00e1n, Giulini Rubinetteria estar\u00e1 presente durante la Semana de la Moda como parte de la exposici\u00f3n \u00abI linguaggi del tempo\u00bb .<br \/>\nSiguiendo tambi\u00e9n el concepto de exposici\u00f3n difusa, la disposici\u00f3n se dise\u00f1\u00f3 para interpretar, durante la Semana de la Moda, el momento m\u00e1gico del desfile de Mil\u00e1n de los Talentos Emergentes y el mundo del dise\u00f1o entre la creatividad y el lujo. Tambi\u00e9n estuvo presente en la presentaci\u00f3n de la exposici\u00f3n \u00abLos lenguajes del tiempo en el dise\u00f1o para una vida mejor\u00bb, a cargo de Marco Poletti y Gaia Zanotti. <\/p>\n<p><img decoding=\"async\" class=\"alignnone wp-image-36781 size-full\" src=\"https:\/\/www.giulini.it\/wp-content\/uploads\/2026\/01\/LDT_giulini_rubinetteria_8-1.png\" alt=\"\" width=\"1564\" height=\"625\" srcset=\"https:\/\/www.giulini.it\/wp-content\/uploads\/2026\/01\/LDT_giulini_rubinetteria_8-1-200x80.png%20200w,%20https:\/www.giulini.it\/wp-content\/uploads\/2026\/01\/LDT_giulini_rubinetteria_8-1-300x120.png%20300w,%20https:\/www.giulini.it\/wp-content\/uploads\/2026\/01\/LDT_giulini_rubinetteria_8-1-400x160.png%20400w,%20https:\/www.giulini.it\/wp-content\/uploads\/2026\/01\/LDT_giulini_rubinetteria_8-1-500x200.png%20500w,%20https:\/www.giulini.it\/wp-content\/uploads\/2026\/01\/LDT_giulini_rubinetteria_8-1-600x240.png%20600w,%20https:\/www.giulini.it\/wp-content\/uploads\/2026\/01\/LDT_giulini_rubinetteria_8-1-700x280.png%20700w,%20https:\/www.giulini.it\/wp-content\/uploads\/2026\/01\/LDT_giulini_rubinetteria_8-1-768x307.png%20768w,%20https:\/www.giulini.it\/wp-content\/uploads\/2026\/01\/LDT_giulini_rubinetteria_8-1-800x320.png%20800w,%20https:\/www.giulini.it\/wp-content\/uploads\/2026\/01\/LDT_giulini_rubinetteria_8-1-1024x409.png%201024w,%20https:\/www.giulini.it\/wp-content\/uploads\/2026\/01\/LDT_giulini_rubinetteria_8-1-1200x480.png%201200w,%20https:\/www.giulini.it\/wp-content\/uploads\/2026\/01\/LDT_giulini_rubinetteria_8-1-1536x614.png%201536w,%20https:\/www.giulini.it\/wp-content\/uploads\/2026\/01\/LDT_giulini_rubinetteria_8-1.png%201564w\" sizes=\"(max-width: 1564px) 100vw, 1564px\" \/><\/p>\n<p><img decoding=\"async\" class=\"alignnone wp-image-36787 size-full\" src=\"https:\/\/www.giulini.it\/wp-content\/uploads\/2026\/01\/LDT_giulini_rubinetteria_9-1.png\" alt=\"\" width=\"1564\" height=\"625\" srcset=\"https:\/\/www.giulini.it\/wp-content\/uploads\/2026\/01\/LDT_giulini_rubinetteria_9-1-200x80.png%20200w,%20https:\/www.giulini.it\/wp-content\/uploads\/2026\/01\/LDT_giulini_rubinetteria_9-1-300x120.png%20300w,%20https:\/www.giulini.it\/wp-content\/uploads\/2026\/01\/LDT_giulini_rubinetteria_9-1-400x160.png%20400w,%20https:\/www.giulini.it\/wp-content\/uploads\/2026\/01\/LDT_giulini_rubinetteria_9-1-500x200.png%20500w,%20https:\/www.giulini.it\/wp-content\/uploads\/2026\/01\/LDT_giulini_rubinetteria_9-1-600x240.png%20600w,%20https:\/www.giulini.it\/wp-content\/uploads\/2026\/01\/LDT_giulini_rubinetteria_9-1-700x280.png%20700w,%20https:\/www.giulini.it\/wp-content\/uploads\/2026\/01\/LDT_giulini_rubinetteria_9-1-768x307.png%20768w,%20https:\/www.giulini.it\/wp-content\/uploads\/2026\/01\/LDT_giulini_rubinetteria_9-1-800x320.png%20800w,%20https:\/www.giulini.it\/wp-content\/uploads\/2026\/01\/LDT_giulini_rubinetteria_9-1-1024x409.png%201024w,%20https:\/www.giulini.it\/wp-content\/uploads\/2026\/01\/LDT_giulini_rubinetteria_9-1-1200x480.png%201200w,%20https:\/www.giulini.it\/wp-content\/uploads\/2026\/01\/LDT_giulini_rubinetteria_9-1-1536x614.png%201536w,%20https:\/www.giulini.it\/wp-content\/uploads\/2026\/01\/LDT_giulini_rubinetteria_9-1.png%201564w\" sizes=\"(max-width: 1564px) 100vw, 1564px\" \/><\/p>\n<p><strong>Comisariado por <\/strong><a href=\"https:\/\/www.instagram.com\/marco_poletti_architetto\/\"><strong>@marco_poletti_arquitecto<\/strong><\/a><strong> en colaboraci\u00f3n con <\/strong><a href=\"https:\/\/www.instagram.com\/gaiazanotti.design\/\"><strong>@gaiazanotti.design<\/strong><\/a><strong>.<\/strong><strong><br \/>\nSocios: <\/strong><a href=\"https:\/\/www.instagram.com\/italyinkazakhstan\/\"><strong>@italyinkazakhstan<\/strong><\/a><strong> <\/strong><a href=\"https:\/\/www.instagram.com\/iicalmaty\/\"><strong>@iicalmaty<\/strong><\/a><strong> <\/strong><a href=\"https:\/\/www.instagram.com\/itaalmaty\/\"><strong>@itaalmaty<\/strong><\/a><strong> <\/strong><a href=\"https:\/\/www.instagram.com\/kazgasa.kz\/\"><strong>@kazgasa.kz<\/strong><\/a><strong> <\/strong><a href=\"https:\/\/www.instagram.com\/dna_madeinitaly\/\"><strong>@dna_madeinitaly<\/strong><\/a><\/p>\n","protected":false},"excerpt":{"rendered":"<p>\u00abLos lenguajes del tiempo en el dise\u00f1o para una vida  [&#8230;]<\/p>\n","protected":false},"author":5,"featured_media":36891,"comment_status":"closed","ping_status":"closed","sticky":false,"template":"","format":"standard","meta":{"_bbp_topic_count":0,"_bbp_reply_count":0,"_bbp_total_topic_count":0,"_bbp_total_reply_count":0,"_bbp_voice_count":0,"_bbp_anonymous_reply_count":0,"_bbp_topic_count_hidden":0,"_bbp_reply_count_hidden":0,"_bbp_forum_subforum_count":0,"footnotes":""},"categories":[323],"tags":[],"class_list":["post-36817","post","type-post","status-publish","format-standard","has-post-thumbnail","hentry","category-g-habla"],"acf":[],"yoast_head":"<!-- This site is optimized with the Yoast SEO plugin v26.2 - https:\/\/yoast.com\/wordpress\/plugins\/seo\/ -->\n<title>LOS IDIOMAS DEL TIEMPO - Exposici\u00f3n Internacional - Rubinetterie Giulini<\/title>\n<meta name=\"robots\" content=\"index, follow, max-snippet:-1, max-image-preview:large, max-video-preview:-1\" \/>\n<link rel=\"canonical\" href=\"https:\/\/www.giulini.it\/es\/los-idiomas-del-tiempo-exposicion-internacional\/\" \/>\n<meta property=\"og:locale\" content=\"es_ES\" \/>\n<meta property=\"og:type\" content=\"article\" \/>\n<meta property=\"og:title\" content=\"LOS IDIOMAS DEL TIEMPO - Exposici\u00f3n Internacional - Rubinetterie Giulini\" \/>\n<meta property=\"og:description\" content=\"\u00abLos lenguajes del tiempo en el dise\u00f1o para una vida [...]\" \/>\n<meta property=\"og:url\" content=\"https:\/\/www.giulini.it\/es\/los-idiomas-del-tiempo-exposicion-internacional\/\" \/>\n<meta property=\"og:site_name\" content=\"Rubinetterie Giulini\" \/>\n<meta property=\"article:publisher\" content=\"https:\/\/www.facebook.com\/profile.php?id=61573782434677\" \/>\n<meta property=\"article:published_time\" content=\"2026-01-20T14:13:58+00:00\" \/>\n<meta property=\"article:modified_time\" content=\"2026-01-20T14:14:02+00:00\" \/>\n<meta property=\"og:image\" content=\"https:\/\/www.giulini.it\/wp-content\/uploads\/2026\/01\/LDT_giulini_rubinetteria_1-1-1024x409.png\" \/>\n\t<meta property=\"og:image:width\" content=\"1024\" \/>\n\t<meta property=\"og:image:height\" content=\"409\" \/>\n\t<meta property=\"og:image:type\" content=\"image\/png\" \/>\n<meta name=\"author\" content=\"Gaia\" \/>\n<meta name=\"twitter:card\" content=\"summary_large_image\" \/>\n<meta name=\"twitter:label1\" content=\"Escrito por\" \/>\n\t<meta name=\"twitter:data1\" content=\"Gaia\" \/>\n\t<meta name=\"twitter:label2\" content=\"Tiempo de lectura\" \/>\n\t<meta name=\"twitter:data2\" content=\"6 minutos\" \/>\n<script type=\"application\/ld+json\" class=\"yoast-schema-graph\">{\"@context\":\"https:\/\/schema.org\",\"@graph\":[{\"@type\":\"Article\",\"@id\":\"https:\/\/www.giulini.it\/es\/los-idiomas-del-tiempo-exposicion-internacional\/#article\",\"isPartOf\":{\"@id\":\"https:\/\/www.giulini.it\/es\/los-idiomas-del-tiempo-exposicion-internacional\/\"},\"author\":{\"name\":\"Gaia\",\"@id\":\"https:\/\/www.giulini.it\/#\/schema\/person\/d84a3e7d0827bce2b06481363205e8fe\"},\"headline\":\"LOS IDIOMAS DEL TIEMPO &#8211; Exposici\u00f3n Internacional\",\"datePublished\":\"2026-01-20T14:13:58+00:00\",\"dateModified\":\"2026-01-20T14:14:02+00:00\",\"mainEntityOfPage\":{\"@id\":\"https:\/\/www.giulini.it\/es\/los-idiomas-del-tiempo-exposicion-internacional\/\"},\"wordCount\":1231,\"publisher\":{\"@id\":\"https:\/\/www.giulini.it\/#organization\"},\"image\":{\"@id\":\"https:\/\/www.giulini.it\/es\/los-idiomas-del-tiempo-exposicion-internacional\/#primaryimage\"},\"thumbnailUrl\":\"https:\/\/www.giulini.it\/wp-content\/uploads\/2026\/01\/LDT_anteprima_giulini_rubinetteria-1.png\",\"articleSection\":[\"G. Habla\"],\"inLanguage\":\"es\"},{\"@type\":\"WebPage\",\"@id\":\"https:\/\/www.giulini.it\/es\/los-idiomas-del-tiempo-exposicion-internacional\/\",\"url\":\"https:\/\/www.giulini.it\/es\/los-idiomas-del-tiempo-exposicion-internacional\/\",\"name\":\"LOS IDIOMAS DEL TIEMPO - Exposici\u00f3n Internacional - Rubinetterie Giulini\",\"isPartOf\":{\"@id\":\"https:\/\/www.giulini.it\/#website\"},\"primaryImageOfPage\":{\"@id\":\"https:\/\/www.giulini.it\/es\/los-idiomas-del-tiempo-exposicion-internacional\/#primaryimage\"},\"image\":{\"@id\":\"https:\/\/www.giulini.it\/es\/los-idiomas-del-tiempo-exposicion-internacional\/#primaryimage\"},\"thumbnailUrl\":\"https:\/\/www.giulini.it\/wp-content\/uploads\/2026\/01\/LDT_anteprima_giulini_rubinetteria-1.png\",\"datePublished\":\"2026-01-20T14:13:58+00:00\",\"dateModified\":\"2026-01-20T14:14:02+00:00\",\"breadcrumb\":{\"@id\":\"https:\/\/www.giulini.it\/es\/los-idiomas-del-tiempo-exposicion-internacional\/#breadcrumb\"},\"inLanguage\":\"es\",\"potentialAction\":[{\"@type\":\"ReadAction\",\"target\":[\"https:\/\/www.giulini.it\/es\/los-idiomas-del-tiempo-exposicion-internacional\/\"]}]},{\"@type\":\"ImageObject\",\"inLanguage\":\"es\",\"@id\":\"https:\/\/www.giulini.it\/es\/los-idiomas-del-tiempo-exposicion-internacional\/#primaryimage\",\"url\":\"https:\/\/www.giulini.it\/wp-content\/uploads\/2026\/01\/LDT_anteprima_giulini_rubinetteria-1.png\",\"contentUrl\":\"https:\/\/www.giulini.it\/wp-content\/uploads\/2026\/01\/LDT_anteprima_giulini_rubinetteria-1.png\",\"width\":747,\"height\":451},{\"@type\":\"BreadcrumbList\",\"@id\":\"https:\/\/www.giulini.it\/es\/los-idiomas-del-tiempo-exposicion-internacional\/#breadcrumb\",\"itemListElement\":[{\"@type\":\"ListItem\",\"position\":1,\"name\":\"Home\",\"item\":\"https:\/\/www.giulini.it\/es\/inicio\/\"},{\"@type\":\"ListItem\",\"position\":2,\"name\":\"LOS IDIOMAS DEL TIEMPO &#8211; Exposici\u00f3n Internacional\"}]},{\"@type\":\"WebSite\",\"@id\":\"https:\/\/www.giulini.it\/#website\",\"url\":\"https:\/\/www.giulini.it\/\",\"name\":\"Rubinetterie Giulini\",\"description\":\"\",\"publisher\":{\"@id\":\"https:\/\/www.giulini.it\/#organization\"},\"potentialAction\":[{\"@type\":\"SearchAction\",\"target\":{\"@type\":\"EntryPoint\",\"urlTemplate\":\"https:\/\/www.giulini.it\/?s=%7Bsearch_term_string%7D\"},\"query-input\":{\"@type\":\"PropertyValueSpecification\",\"valueRequired\":true,\"valueName\":\"search_term_string\"}}],\"inLanguage\":\"es\"},{\"@type\":\"Organization\",\"@id\":\"https:\/\/www.giulini.it\/#organization\",\"name\":\"Rubinetterie Giulini\",\"url\":\"https:\/\/www.giulini.it\/\",\"logo\":{\"@type\":\"ImageObject\",\"inLanguage\":\"es\",\"@id\":\"https:\/\/www.giulini.it\/#\/schema\/logo\/image\/\",\"url\":\"https:\/\/www.giulini.it\/wp-content\/uploads\/2025\/10\/Logo-GIULINI.svg\",\"contentUrl\":\"https:\/\/www.giulini.it\/wp-content\/uploads\/2025\/10\/Logo-GIULINI.svg\",\"width\":1036,\"height\":250,\"caption\":\"Rubinetterie Giulini\"},\"image\":{\"@id\":\"https:\/\/www.giulini.it\/#\/schema\/logo\/image\/\"},\"sameAs\":[\"https:\/\/www.facebook.com\/profile.php?id=61573782434677\"]},{\"@type\":\"Person\",\"@id\":\"https:\/\/www.giulini.it\/#\/schema\/person\/d84a3e7d0827bce2b06481363205e8fe\",\"name\":\"Gaia\",\"image\":{\"@type\":\"ImageObject\",\"inLanguage\":\"es\",\"@id\":\"https:\/\/www.giulini.it\/#\/schema\/person\/image\/\",\"url\":\"https:\/\/secure.gravatar.com\/avatar\/6606b49563a430305a73b914c9bf5a1ca47779abbbb04ec4428c1931022afe50?s=96&d=mm&r=g\",\"contentUrl\":\"https:\/\/secure.gravatar.com\/avatar\/6606b49563a430305a73b914c9bf5a1ca47779abbbb04ec4428c1931022afe50?s=96&d=mm&r=g\",\"caption\":\"Gaia\"},\"url\":\"https:\/\/www.giulini.it\/es\/author\/webmaster\/\"}]}<\/script>\n<!-- \/ Yoast SEO plugin. -->","yoast_head_json":{"title":"LOS IDIOMAS DEL TIEMPO - Exposici\u00f3n Internacional - Rubinetterie Giulini","robots":{"index":"index","follow":"follow","max-snippet":"max-snippet:-1","max-image-preview":"max-image-preview:large","max-video-preview":"max-video-preview:-1"},"canonical":"https:\/\/www.giulini.it\/es\/los-idiomas-del-tiempo-exposicion-internacional\/","og_locale":"es_ES","og_type":"article","og_title":"LOS IDIOMAS DEL TIEMPO - Exposici\u00f3n Internacional - Rubinetterie Giulini","og_description":"\u00abLos lenguajes del tiempo en el dise\u00f1o para una vida [...]","og_url":"https:\/\/www.giulini.it\/es\/los-idiomas-del-tiempo-exposicion-internacional\/","og_site_name":"Rubinetterie Giulini","article_publisher":"https:\/\/www.facebook.com\/profile.php?id=61573782434677","article_published_time":"2026-01-20T14:13:58+00:00","article_modified_time":"2026-01-20T14:14:02+00:00","og_image":[{"width":1024,"height":409,"url":"https:\/\/www.giulini.it\/wp-content\/uploads\/2026\/01\/LDT_giulini_rubinetteria_1-1-1024x409.png","type":"image\/png"}],"author":"Gaia","twitter_card":"summary_large_image","twitter_misc":{"Escrito por":"Gaia","Tiempo de lectura":"6 minutos"},"schema":{"@context":"https:\/\/schema.org","@graph":[{"@type":"Article","@id":"https:\/\/www.giulini.it\/es\/los-idiomas-del-tiempo-exposicion-internacional\/#article","isPartOf":{"@id":"https:\/\/www.giulini.it\/es\/los-idiomas-del-tiempo-exposicion-internacional\/"},"author":{"name":"Gaia","@id":"https:\/\/www.giulini.it\/#\/schema\/person\/d84a3e7d0827bce2b06481363205e8fe"},"headline":"LOS IDIOMAS DEL TIEMPO &#8211; Exposici\u00f3n Internacional","datePublished":"2026-01-20T14:13:58+00:00","dateModified":"2026-01-20T14:14:02+00:00","mainEntityOfPage":{"@id":"https:\/\/www.giulini.it\/es\/los-idiomas-del-tiempo-exposicion-internacional\/"},"wordCount":1231,"publisher":{"@id":"https:\/\/www.giulini.it\/#organization"},"image":{"@id":"https:\/\/www.giulini.it\/es\/los-idiomas-del-tiempo-exposicion-internacional\/#primaryimage"},"thumbnailUrl":"https:\/\/www.giulini.it\/wp-content\/uploads\/2026\/01\/LDT_anteprima_giulini_rubinetteria-1.png","articleSection":["G. Habla"],"inLanguage":"es"},{"@type":"WebPage","@id":"https:\/\/www.giulini.it\/es\/los-idiomas-del-tiempo-exposicion-internacional\/","url":"https:\/\/www.giulini.it\/es\/los-idiomas-del-tiempo-exposicion-internacional\/","name":"LOS IDIOMAS DEL TIEMPO - Exposici\u00f3n Internacional - Rubinetterie Giulini","isPartOf":{"@id":"https:\/\/www.giulini.it\/#website"},"primaryImageOfPage":{"@id":"https:\/\/www.giulini.it\/es\/los-idiomas-del-tiempo-exposicion-internacional\/#primaryimage"},"image":{"@id":"https:\/\/www.giulini.it\/es\/los-idiomas-del-tiempo-exposicion-internacional\/#primaryimage"},"thumbnailUrl":"https:\/\/www.giulini.it\/wp-content\/uploads\/2026\/01\/LDT_anteprima_giulini_rubinetteria-1.png","datePublished":"2026-01-20T14:13:58+00:00","dateModified":"2026-01-20T14:14:02+00:00","breadcrumb":{"@id":"https:\/\/www.giulini.it\/es\/los-idiomas-del-tiempo-exposicion-internacional\/#breadcrumb"},"inLanguage":"es","potentialAction":[{"@type":"ReadAction","target":["https:\/\/www.giulini.it\/es\/los-idiomas-del-tiempo-exposicion-internacional\/"]}]},{"@type":"ImageObject","inLanguage":"es","@id":"https:\/\/www.giulini.it\/es\/los-idiomas-del-tiempo-exposicion-internacional\/#primaryimage","url":"https:\/\/www.giulini.it\/wp-content\/uploads\/2026\/01\/LDT_anteprima_giulini_rubinetteria-1.png","contentUrl":"https:\/\/www.giulini.it\/wp-content\/uploads\/2026\/01\/LDT_anteprima_giulini_rubinetteria-1.png","width":747,"height":451},{"@type":"BreadcrumbList","@id":"https:\/\/www.giulini.it\/es\/los-idiomas-del-tiempo-exposicion-internacional\/#breadcrumb","itemListElement":[{"@type":"ListItem","position":1,"name":"Home","item":"https:\/\/www.giulini.it\/es\/inicio\/"},{"@type":"ListItem","position":2,"name":"LOS IDIOMAS DEL TIEMPO &#8211; Exposici\u00f3n Internacional"}]},{"@type":"WebSite","@id":"https:\/\/www.giulini.it\/#website","url":"https:\/\/www.giulini.it\/","name":"Rubinetterie Giulini","description":"","publisher":{"@id":"https:\/\/www.giulini.it\/#organization"},"potentialAction":[{"@type":"SearchAction","target":{"@type":"EntryPoint","urlTemplate":"https:\/\/www.giulini.it\/?s=%7Bsearch_term_string%7D"},"query-input":{"@type":"PropertyValueSpecification","valueRequired":true,"valueName":"search_term_string"}}],"inLanguage":"es"},{"@type":"Organization","@id":"https:\/\/www.giulini.it\/#organization","name":"Rubinetterie Giulini","url":"https:\/\/www.giulini.it\/","logo":{"@type":"ImageObject","inLanguage":"es","@id":"https:\/\/www.giulini.it\/#\/schema\/logo\/image\/","url":"https:\/\/www.giulini.it\/wp-content\/uploads\/2025\/10\/Logo-GIULINI.svg","contentUrl":"https:\/\/www.giulini.it\/wp-content\/uploads\/2025\/10\/Logo-GIULINI.svg","width":1036,"height":250,"caption":"Rubinetterie Giulini"},"image":{"@id":"https:\/\/www.giulini.it\/#\/schema\/logo\/image\/"},"sameAs":["https:\/\/www.facebook.com\/profile.php?id=61573782434677"]},{"@type":"Person","@id":"https:\/\/www.giulini.it\/#\/schema\/person\/d84a3e7d0827bce2b06481363205e8fe","name":"Gaia","image":{"@type":"ImageObject","inLanguage":"es","@id":"https:\/\/www.giulini.it\/#\/schema\/person\/image\/","url":"https:\/\/secure.gravatar.com\/avatar\/6606b49563a430305a73b914c9bf5a1ca47779abbbb04ec4428c1931022afe50?s=96&d=mm&r=g","contentUrl":"https:\/\/secure.gravatar.com\/avatar\/6606b49563a430305a73b914c9bf5a1ca47779abbbb04ec4428c1931022afe50?s=96&d=mm&r=g","caption":"Gaia"},"url":"https:\/\/www.giulini.it\/es\/author\/webmaster\/"}]}},"_links":{"self":[{"href":"https:\/\/www.giulini.it\/es\/wp-json\/wp\/v2\/posts\/36817","targetHints":{"allow":["GET"]}}],"collection":[{"href":"https:\/\/www.giulini.it\/es\/wp-json\/wp\/v2\/posts"}],"about":[{"href":"https:\/\/www.giulini.it\/es\/wp-json\/wp\/v2\/types\/post"}],"author":[{"embeddable":true,"href":"https:\/\/www.giulini.it\/es\/wp-json\/wp\/v2\/users\/5"}],"replies":[{"embeddable":true,"href":"https:\/\/www.giulini.it\/es\/wp-json\/wp\/v2\/comments?post=36817"}],"version-history":[{"count":1,"href":"https:\/\/www.giulini.it\/es\/wp-json\/wp\/v2\/posts\/36817\/revisions"}],"predecessor-version":[{"id":36895,"href":"https:\/\/www.giulini.it\/es\/wp-json\/wp\/v2\/posts\/36817\/revisions\/36895"}],"wp:featuredmedia":[{"embeddable":true,"href":"https:\/\/www.giulini.it\/es\/wp-json\/wp\/v2\/media\/36891"}],"wp:attachment":[{"href":"https:\/\/www.giulini.it\/es\/wp-json\/wp\/v2\/media?parent=36817"}],"wp:term":[{"taxonomy":"category","embeddable":true,"href":"https:\/\/www.giulini.it\/es\/wp-json\/wp\/v2\/categories?post=36817"},{"taxonomy":"post_tag","embeddable":true,"href":"https:\/\/www.giulini.it\/es\/wp-json\/wp\/v2\/tags?post=36817"}],"curies":[{"name":"wp","href":"https:\/\/api.w.org\/{rel}","templated":true}]}}