{"id":21242,"date":"2025-01-26T11:41:00","date_gmt":"2025-01-26T10:41:00","guid":{"rendered":"https:\/\/dev.giulini.it\/giulini-defile-au-salon-designnfashion-de-milan\/"},"modified":"2025-02-14T10:40:23","modified_gmt":"2025-02-14T09:40:23","slug":"giulini-defile-au-salon-designnfashion-de-milan","status":"publish","type":"post","link":"https:\/\/www.giulini.it\/fr\/giulini-defile-au-salon-designnfashion-de-milan\/","title":{"rendered":"GIULINI D\u00c9FILE AU SALON DESIGN&rsquo;N&rsquo;FASHION DE MILAN"},"content":{"rendered":"<p>GIULINI \u00ab\u00a0d\u00e9file\u00a0\u00bb \u00e0 Design&rsquo;N&rsquo;Fashion pendant la semaine de la mode de Milan. La rencontre du design et de la mode dans un lieu prestigieux : le Palazzo Bocconi, au centre de Milan. Au cours de cet \u00e9v\u00e9nement exclusif, Giulini a pr\u00e9sent\u00e9 ses collections en tant que t\u00e9moignage du monde de l&rsquo;ameublement de la salle de bains, aux c\u00f4t\u00e9s d&rsquo;autres marques du secteur et de talentueux designers \u00e9mergents.  <\/p>\n<p><img decoding=\"async\" class=\"alignnone size-full wp-image-2838\" src=\"https:\/\/www.giulini.it\/wp-content\/uploads\/2025\/01\/GIULINI-SFILA-ALLA-DESIGNNFASHION-DI-MILANO_Giulni_rubinetteria-1.jpg\" alt=\"GIULINI D\u00c9FILE AU SALON DESIGN'N'FASHION DE MILAN\" width=\"1564\" height=\"1047\" srcset=\"https:\/\/www.giulini.it\/wp-content\/uploads\/2025\/01\/GIULINI-SFILA-ALLA-DESIGNNFASHION-DI-MILANO_Giulni_rubinetteria-1-200x134.jpg%20200w,%20https:\/www.giulini.it\/wp-content\/uploads\/2025\/01\/GIULINI-SFILA-ALLA-DESIGNNFASHION-DI-MILANO_Giulni_rubinetteria-1-300x201.jpg%20300w,%20https:\/www.giulini.it\/wp-content\/uploads\/2025\/01\/GIULINI-SFILA-ALLA-DESIGNNFASHION-DI-MILANO_Giulni_rubinetteria-1-400x268.jpg%20400w,%20https:\/www.giulini.it\/wp-content\/uploads\/2025\/01\/GIULINI-SFILA-ALLA-DESIGNNFASHION-DI-MILANO_Giulni_rubinetteria-1-500x335.jpg%20500w,%20https:\/www.giulini.it\/wp-content\/uploads\/2025\/01\/GIULINI-SFILA-ALLA-DESIGNNFASHION-DI-MILANO_Giulni_rubinetteria-1-600x402.jpg%20600w,%20https:\/www.giulini.it\/wp-content\/uploads\/2025\/01\/GIULINI-SFILA-ALLA-DESIGNNFASHION-DI-MILANO_Giulni_rubinetteria-1-700x469.jpg%20700w,%20https:\/www.giulini.it\/wp-content\/uploads\/2025\/01\/GIULINI-SFILA-ALLA-DESIGNNFASHION-DI-MILANO_Giulni_rubinetteria-1-768x514.jpg%20768w,%20https:\/www.giulini.it\/wp-content\/uploads\/2025\/01\/GIULINI-SFILA-ALLA-DESIGNNFASHION-DI-MILANO_Giulni_rubinetteria-1-800x536.jpg%20800w,%20https:\/www.giulini.it\/wp-content\/uploads\/2025\/01\/GIULINI-SFILA-ALLA-DESIGNNFASHION-DI-MILANO_Giulni_rubinetteria-1-1024x686.jpg%201024w,%20https:\/www.giulini.it\/wp-content\/uploads\/2025\/01\/GIULINI-SFILA-ALLA-DESIGNNFASHION-DI-MILANO_Giulni_rubinetteria-1-1200x803.jpg%201200w,%20https:\/www.giulini.it\/wp-content\/uploads\/2025\/01\/GIULINI-SFILA-ALLA-DESIGNNFASHION-DI-MILANO_Giulni_rubinetteria-1-1536x1028.jpg%201536w,%20https:\/www.giulini.it\/wp-content\/uploads\/2025\/01\/GIULINI-SFILA-ALLA-DESIGNNFASHION-DI-MILANO_Giulni_rubinetteria-1.jpg%201564w\" sizes=\"(max-width: 1564px) 100vw, 1564px\" \/><\/p>\n<p><img decoding=\"async\" class=\"alignnone size-full wp-image-2844\" src=\"https:\/\/www.giulini.it\/wp-content\/uploads\/2025\/01\/GIULINI-SFILA-ALLA-DESIGNNFASHION-DI-MILANO_Giulni_rubinetteria-2.jpg\" alt=\"GIULINI D\u00c9FILE AU SALON DESIGN'N'FASHION DE MILAN\" width=\"1564\" height=\"1047\" srcset=\"https:\/\/www.giulini.it\/wp-content\/uploads\/2025\/01\/GIULINI-SFILA-ALLA-DESIGNNFASHION-DI-MILANO_Giulni_rubinetteria-2-200x134.jpg%20200w,%20https:\/www.giulini.it\/wp-content\/uploads\/2025\/01\/GIULINI-SFILA-ALLA-DESIGNNFASHION-DI-MILANO_Giulni_rubinetteria-2-300x201.jpg%20300w,%20https:\/www.giulini.it\/wp-content\/uploads\/2025\/01\/GIULINI-SFILA-ALLA-DESIGNNFASHION-DI-MILANO_Giulni_rubinetteria-2-400x268.jpg%20400w,%20https:\/www.giulini.it\/wp-content\/uploads\/2025\/01\/GIULINI-SFILA-ALLA-DESIGNNFASHION-DI-MILANO_Giulni_rubinetteria-2-500x335.jpg%20500w,%20https:\/www.giulini.it\/wp-content\/uploads\/2025\/01\/GIULINI-SFILA-ALLA-DESIGNNFASHION-DI-MILANO_Giulni_rubinetteria-2-600x402.jpg%20600w,%20https:\/www.giulini.it\/wp-content\/uploads\/2025\/01\/GIULINI-SFILA-ALLA-DESIGNNFASHION-DI-MILANO_Giulni_rubinetteria-2-700x469.jpg%20700w,%20https:\/www.giulini.it\/wp-content\/uploads\/2025\/01\/GIULINI-SFILA-ALLA-DESIGNNFASHION-DI-MILANO_Giulni_rubinetteria-2-768x514.jpg%20768w,%20https:\/www.giulini.it\/wp-content\/uploads\/2025\/01\/GIULINI-SFILA-ALLA-DESIGNNFASHION-DI-MILANO_Giulni_rubinetteria-2-800x536.jpg%20800w,%20https:\/www.giulini.it\/wp-content\/uploads\/2025\/01\/GIULINI-SFILA-ALLA-DESIGNNFASHION-DI-MILANO_Giulni_rubinetteria-2-1024x686.jpg%201024w,%20https:\/www.giulini.it\/wp-content\/uploads\/2025\/01\/GIULINI-SFILA-ALLA-DESIGNNFASHION-DI-MILANO_Giulni_rubinetteria-2-1200x803.jpg%201200w,%20https:\/www.giulini.it\/wp-content\/uploads\/2025\/01\/GIULINI-SFILA-ALLA-DESIGNNFASHION-DI-MILANO_Giulni_rubinetteria-2-1536x1028.jpg%201536w,%20https:\/www.giulini.it\/wp-content\/uploads\/2025\/01\/GIULINI-SFILA-ALLA-DESIGNNFASHION-DI-MILANO_Giulni_rubinetteria-2.jpg%201564w\" sizes=\"(max-width: 1564px) 100vw, 1564px\" \/><\/p>\n<p>Une exp\u00e9rience immersive v\u00e9cue \u00e0 la premi\u00e8re personne par tous les invit\u00e9s pr\u00e9sents. Un moment sp\u00e9cial con\u00e7u par les visionnaires Marco Poletti et Tariel Bisharyan, deux esprits cr\u00e9atifs qui ont su r\u00e9unir deux mondes, la mode et le design, en cr\u00e9ant des environnements sophistiqu\u00e9s et \u00e9l\u00e9gants. <\/p>\n<p><img decoding=\"async\" class=\"alignnone size-full wp-image-2850\" src=\"https:\/\/www.giulini.it\/wp-content\/uploads\/2025\/01\/GIULINI-SFILA-ALLA-DESIGNNFASHION-DI-MILANO_Giulni_rubinetteria-3.jpg\" alt=\"GIULINI D\u00c9FILE AU SALON DESIGN'N'FASHION DE MILAN\" width=\"1564\" height=\"1047\" srcset=\"https:\/\/www.giulini.it\/wp-content\/uploads\/2025\/01\/GIULINI-SFILA-ALLA-DESIGNNFASHION-DI-MILANO_Giulni_rubinetteria-3-200x134.jpg%20200w,%20https:\/www.giulini.it\/wp-content\/uploads\/2025\/01\/GIULINI-SFILA-ALLA-DESIGNNFASHION-DI-MILANO_Giulni_rubinetteria-3-300x201.jpg%20300w,%20https:\/www.giulini.it\/wp-content\/uploads\/2025\/01\/GIULINI-SFILA-ALLA-DESIGNNFASHION-DI-MILANO_Giulni_rubinetteria-3-400x268.jpg%20400w,%20https:\/www.giulini.it\/wp-content\/uploads\/2025\/01\/GIULINI-SFILA-ALLA-DESIGNNFASHION-DI-MILANO_Giulni_rubinetteria-3-500x335.jpg%20500w,%20https:\/www.giulini.it\/wp-content\/uploads\/2025\/01\/GIULINI-SFILA-ALLA-DESIGNNFASHION-DI-MILANO_Giulni_rubinetteria-3-600x402.jpg%20600w,%20https:\/www.giulini.it\/wp-content\/uploads\/2025\/01\/GIULINI-SFILA-ALLA-DESIGNNFASHION-DI-MILANO_Giulni_rubinetteria-3-700x469.jpg%20700w,%20https:\/www.giulini.it\/wp-content\/uploads\/2025\/01\/GIULINI-SFILA-ALLA-DESIGNNFASHION-DI-MILANO_Giulni_rubinetteria-3-768x514.jpg%20768w,%20https:\/www.giulini.it\/wp-content\/uploads\/2025\/01\/GIULINI-SFILA-ALLA-DESIGNNFASHION-DI-MILANO_Giulni_rubinetteria-3-800x536.jpg%20800w,%20https:\/www.giulini.it\/wp-content\/uploads\/2025\/01\/GIULINI-SFILA-ALLA-DESIGNNFASHION-DI-MILANO_Giulni_rubinetteria-3-1024x686.jpg%201024w,%20https:\/www.giulini.it\/wp-content\/uploads\/2025\/01\/GIULINI-SFILA-ALLA-DESIGNNFASHION-DI-MILANO_Giulni_rubinetteria-3-1200x803.jpg%201200w,%20https:\/www.giulini.it\/wp-content\/uploads\/2025\/01\/GIULINI-SFILA-ALLA-DESIGNNFASHION-DI-MILANO_Giulni_rubinetteria-3-1536x1028.jpg%201536w,%20https:\/www.giulini.it\/wp-content\/uploads\/2025\/01\/GIULINI-SFILA-ALLA-DESIGNNFASHION-DI-MILANO_Giulni_rubinetteria-3.jpg%201564w\" sizes=\"(max-width: 1564px) 100vw, 1564px\" \/><\/p>\n<p><img decoding=\"async\" class=\"alignnone size-full wp-image-2856\" src=\"https:\/\/www.giulini.it\/wp-content\/uploads\/2025\/01\/GIULINI-SFILA-ALLA-DESIGNNFASHION-DI-MILANO_Giulni_rubinetteria-4.jpg\" alt=\"GIULINI D\u00c9FILE AU SALON DESIGN'N'FASHION DE MILAN\" width=\"1564\" height=\"1047\" srcset=\"https:\/\/www.giulini.it\/wp-content\/uploads\/2025\/01\/GIULINI-SFILA-ALLA-DESIGNNFASHION-DI-MILANO_Giulni_rubinetteria-4-200x134.jpg%20200w,%20https:\/www.giulini.it\/wp-content\/uploads\/2025\/01\/GIULINI-SFILA-ALLA-DESIGNNFASHION-DI-MILANO_Giulni_rubinetteria-4-300x201.jpg%20300w,%20https:\/www.giulini.it\/wp-content\/uploads\/2025\/01\/GIULINI-SFILA-ALLA-DESIGNNFASHION-DI-MILANO_Giulni_rubinetteria-4-400x268.jpg%20400w,%20https:\/www.giulini.it\/wp-content\/uploads\/2025\/01\/GIULINI-SFILA-ALLA-DESIGNNFASHION-DI-MILANO_Giulni_rubinetteria-4-500x335.jpg%20500w,%20https:\/www.giulini.it\/wp-content\/uploads\/2025\/01\/GIULINI-SFILA-ALLA-DESIGNNFASHION-DI-MILANO_Giulni_rubinetteria-4-600x402.jpg%20600w,%20https:\/www.giulini.it\/wp-content\/uploads\/2025\/01\/GIULINI-SFILA-ALLA-DESIGNNFASHION-DI-MILANO_Giulni_rubinetteria-4-700x469.jpg%20700w,%20https:\/www.giulini.it\/wp-content\/uploads\/2025\/01\/GIULINI-SFILA-ALLA-DESIGNNFASHION-DI-MILANO_Giulni_rubinetteria-4-768x514.jpg%20768w,%20https:\/www.giulini.it\/wp-content\/uploads\/2025\/01\/GIULINI-SFILA-ALLA-DESIGNNFASHION-DI-MILANO_Giulni_rubinetteria-4-800x536.jpg%20800w,%20https:\/www.giulini.it\/wp-content\/uploads\/2025\/01\/GIULINI-SFILA-ALLA-DESIGNNFASHION-DI-MILANO_Giulni_rubinetteria-4-1024x686.jpg%201024w,%20https:\/www.giulini.it\/wp-content\/uploads\/2025\/01\/GIULINI-SFILA-ALLA-DESIGNNFASHION-DI-MILANO_Giulni_rubinetteria-4-1200x803.jpg%201200w,%20https:\/www.giulini.it\/wp-content\/uploads\/2025\/01\/GIULINI-SFILA-ALLA-DESIGNNFASHION-DI-MILANO_Giulni_rubinetteria-4-1536x1028.jpg%201536w,%20https:\/www.giulini.it\/wp-content\/uploads\/2025\/01\/GIULINI-SFILA-ALLA-DESIGNNFASHION-DI-MILANO_Giulni_rubinetteria-4.jpg%201564w\" sizes=\"(max-width: 1564px) 100vw, 1564px\" \/><\/p>\n<p><img decoding=\"async\" class=\"alignnone size-full wp-image-2862\" src=\"https:\/\/www.giulini.it\/wp-content\/uploads\/2025\/01\/GIULINI-SFILA-ALLA-DESIGNNFASHION-DI-MILANO_Giulni_rubinetteria-5.jpg\" alt=\"GIULINI D\u00c9FILE AU SALON DESIGN'N'FASHION DE MILAN\" width=\"1564\" height=\"1047\" srcset=\"https:\/\/www.giulini.it\/wp-content\/uploads\/2025\/01\/GIULINI-SFILA-ALLA-DESIGNNFASHION-DI-MILANO_Giulni_rubinetteria-5-200x134.jpg%20200w,%20https:\/www.giulini.it\/wp-content\/uploads\/2025\/01\/GIULINI-SFILA-ALLA-DESIGNNFASHION-DI-MILANO_Giulni_rubinetteria-5-300x201.jpg%20300w,%20https:\/www.giulini.it\/wp-content\/uploads\/2025\/01\/GIULINI-SFILA-ALLA-DESIGNNFASHION-DI-MILANO_Giulni_rubinetteria-5-400x268.jpg%20400w,%20https:\/www.giulini.it\/wp-content\/uploads\/2025\/01\/GIULINI-SFILA-ALLA-DESIGNNFASHION-DI-MILANO_Giulni_rubinetteria-5-500x335.jpg%20500w,%20https:\/www.giulini.it\/wp-content\/uploads\/2025\/01\/GIULINI-SFILA-ALLA-DESIGNNFASHION-DI-MILANO_Giulni_rubinetteria-5-600x402.jpg%20600w,%20https:\/www.giulini.it\/wp-content\/uploads\/2025\/01\/GIULINI-SFILA-ALLA-DESIGNNFASHION-DI-MILANO_Giulni_rubinetteria-5-700x469.jpg%20700w,%20https:\/www.giulini.it\/wp-content\/uploads\/2025\/01\/GIULINI-SFILA-ALLA-DESIGNNFASHION-DI-MILANO_Giulni_rubinetteria-5-768x514.jpg%20768w,%20https:\/www.giulini.it\/wp-content\/uploads\/2025\/01\/GIULINI-SFILA-ALLA-DESIGNNFASHION-DI-MILANO_Giulni_rubinetteria-5-800x536.jpg%20800w,%20https:\/www.giulini.it\/wp-content\/uploads\/2025\/01\/GIULINI-SFILA-ALLA-DESIGNNFASHION-DI-MILANO_Giulni_rubinetteria-5-1024x686.jpg%201024w,%20https:\/www.giulini.it\/wp-content\/uploads\/2025\/01\/GIULINI-SFILA-ALLA-DESIGNNFASHION-DI-MILANO_Giulni_rubinetteria-5-1200x803.jpg%201200w,%20https:\/www.giulini.it\/wp-content\/uploads\/2025\/01\/GIULINI-SFILA-ALLA-DESIGNNFASHION-DI-MILANO_Giulni_rubinetteria-5-1536x1028.jpg%201536w,%20https:\/www.giulini.it\/wp-content\/uploads\/2025\/01\/GIULINI-SFILA-ALLA-DESIGNNFASHION-DI-MILANO_Giulni_rubinetteria-5.jpg%201564w\" sizes=\"(max-width: 1564px) 100vw, 1564px\" \/><\/p>\n<p>Des bo\u00eetes th\u00e9matiques sp\u00e9ciales ont jou\u00e9 un r\u00f4le cl\u00e9 dans la pr\u00e9sentation de sujets tr\u00e8s importants.<\/p>\n<h3>DNA MADE IN ITALY par Marco Poletti<\/h3>\n<p>La bo\u00eete d\u00e9di\u00e9e \u00e0 l&rsquo;ADN MADE IN ITALY, o\u00f9 Giulini a pu expliquer ses valeurs de cr\u00e9ativit\u00e9, de qualit\u00e9, d&rsquo;innovation, d&rsquo;artisanat, d&rsquo;historicit\u00e9 et de durabilit\u00e9 en tant qu&rsquo;excellence italienne.<\/p>\n<p><img decoding=\"async\" class=\"alignnone size-full wp-image-2802\" src=\"https:\/\/www.giulini.it\/wp-content\/uploads\/2025\/01\/GIULINI-SFILA-ALLA-DESIGNNFASHION-DI-MILANO_Giulni_rubinetteria-6.jpg\" alt=\"GIULINI D\u00c9FILE AU SALON DESIGN'N'FASHION DE MILAN\" width=\"1564\" height=\"1047\" srcset=\"https:\/\/www.giulini.it\/wp-content\/uploads\/2025\/01\/GIULINI-SFILA-ALLA-DESIGNNFASHION-DI-MILANO_Giulni_rubinetteria-6-200x134.jpg%20200w,%20https:\/www.giulini.it\/wp-content\/uploads\/2025\/01\/GIULINI-SFILA-ALLA-DESIGNNFASHION-DI-MILANO_Giulni_rubinetteria-6-300x201.jpg%20300w,%20https:\/www.giulini.it\/wp-content\/uploads\/2025\/01\/GIULINI-SFILA-ALLA-DESIGNNFASHION-DI-MILANO_Giulni_rubinetteria-6-400x268.jpg%20400w,%20https:\/www.giulini.it\/wp-content\/uploads\/2025\/01\/GIULINI-SFILA-ALLA-DESIGNNFASHION-DI-MILANO_Giulni_rubinetteria-6-500x335.jpg%20500w,%20https:\/www.giulini.it\/wp-content\/uploads\/2025\/01\/GIULINI-SFILA-ALLA-DESIGNNFASHION-DI-MILANO_Giulni_rubinetteria-6-600x402.jpg%20600w,%20https:\/www.giulini.it\/wp-content\/uploads\/2025\/01\/GIULINI-SFILA-ALLA-DESIGNNFASHION-DI-MILANO_Giulni_rubinetteria-6-700x469.jpg%20700w,%20https:\/www.giulini.it\/wp-content\/uploads\/2025\/01\/GIULINI-SFILA-ALLA-DESIGNNFASHION-DI-MILANO_Giulni_rubinetteria-6-768x514.jpg%20768w,%20https:\/www.giulini.it\/wp-content\/uploads\/2025\/01\/GIULINI-SFILA-ALLA-DESIGNNFASHION-DI-MILANO_Giulni_rubinetteria-6-800x536.jpg%20800w,%20https:\/www.giulini.it\/wp-content\/uploads\/2025\/01\/GIULINI-SFILA-ALLA-DESIGNNFASHION-DI-MILANO_Giulni_rubinetteria-6-1024x686.jpg%201024w,%20https:\/www.giulini.it\/wp-content\/uploads\/2025\/01\/GIULINI-SFILA-ALLA-DESIGNNFASHION-DI-MILANO_Giulni_rubinetteria-6-1200x803.jpg%201200w,%20https:\/www.giulini.it\/wp-content\/uploads\/2025\/01\/GIULINI-SFILA-ALLA-DESIGNNFASHION-DI-MILANO_Giulni_rubinetteria-6-1536x1028.jpg%201536w,%20https:\/www.giulini.it\/wp-content\/uploads\/2025\/01\/GIULINI-SFILA-ALLA-DESIGNNFASHION-DI-MILANO_Giulni_rubinetteria-6.jpg%201564w\" sizes=\"(max-width: 1564px) 100vw, 1564px\" \/><\/p>\n<p><img decoding=\"async\" class=\"alignnone size-full wp-image-2808\" src=\"https:\/\/www.giulini.it\/wp-content\/uploads\/2025\/01\/GIULINI-SFILA-ALLA-DESIGNNFASHION-DI-MILANO_Giulni_rubinetteria-7.png\" alt=\"GIULINI D\u00c9FILE AU SALON DESIGN'N'FASHION DE MILAN\" width=\"1564\" height=\"1047\" srcset=\"https:\/\/www.giulini.it\/wp-content\/uploads\/2025\/01\/GIULINI-SFILA-ALLA-DESIGNNFASHION-DI-MILANO_Giulni_rubinetteria-7-200x134.png%20200w,%20https:\/www.giulini.it\/wp-content\/uploads\/2025\/01\/GIULINI-SFILA-ALLA-DESIGNNFASHION-DI-MILANO_Giulni_rubinetteria-7-300x201.png%20300w,%20https:\/www.giulini.it\/wp-content\/uploads\/2025\/01\/GIULINI-SFILA-ALLA-DESIGNNFASHION-DI-MILANO_Giulni_rubinetteria-7-400x268.png%20400w,%20https:\/www.giulini.it\/wp-content\/uploads\/2025\/01\/GIULINI-SFILA-ALLA-DESIGNNFASHION-DI-MILANO_Giulni_rubinetteria-7-500x335.png%20500w,%20https:\/www.giulini.it\/wp-content\/uploads\/2025\/01\/GIULINI-SFILA-ALLA-DESIGNNFASHION-DI-MILANO_Giulni_rubinetteria-7-600x402.png%20600w,%20https:\/www.giulini.it\/wp-content\/uploads\/2025\/01\/GIULINI-SFILA-ALLA-DESIGNNFASHION-DI-MILANO_Giulni_rubinetteria-7-700x469.png%20700w,%20https:\/www.giulini.it\/wp-content\/uploads\/2025\/01\/GIULINI-SFILA-ALLA-DESIGNNFASHION-DI-MILANO_Giulni_rubinetteria-7-768x514.png%20768w,%20https:\/www.giulini.it\/wp-content\/uploads\/2025\/01\/GIULINI-SFILA-ALLA-DESIGNNFASHION-DI-MILANO_Giulni_rubinetteria-7-800x536.png%20800w,%20https:\/www.giulini.it\/wp-content\/uploads\/2025\/01\/GIULINI-SFILA-ALLA-DESIGNNFASHION-DI-MILANO_Giulni_rubinetteria-7-1024x686.png%201024w,%20https:\/www.giulini.it\/wp-content\/uploads\/2025\/01\/GIULINI-SFILA-ALLA-DESIGNNFASHION-DI-MILANO_Giulni_rubinetteria-7-1200x803.png%201200w,%20https:\/www.giulini.it\/wp-content\/uploads\/2025\/01\/GIULINI-SFILA-ALLA-DESIGNNFASHION-DI-MILANO_Giulni_rubinetteria-7-1536x1028.png%201536w,%20https:\/www.giulini.it\/wp-content\/uploads\/2025\/01\/GIULINI-SFILA-ALLA-DESIGNNFASHION-DI-MILANO_Giulni_rubinetteria-7.png%201564w\" sizes=\"(max-width: 1564px) 100vw, 1564px\" \/><\/p>\n<h3>Avant-premi\u00e8re SPACE-D &#8211; Almaty<\/h3>\n<p>Elle a \u00e9t\u00e9 suivie par la pr\u00e9sentation en avant-premi\u00e8re de SPAZIO-D, une zone reli\u00e9e au 86e Institut culturel italien d&rsquo;Almaty, tous deux con\u00e7us par l&rsquo;architecte Marco Poletti. Marco Poletti. Un v\u00e9ritable lien entre la culture et les affaires o\u00f9 le design italien est le protagoniste absolu.  <\/p>\n<p><img decoding=\"async\" class=\"alignnone size-full wp-image-2814\" src=\"https:\/\/www.giulini.it\/wp-content\/uploads\/2025\/01\/GIULINI-SFILA-ALLA-DESIGNNFASHION-DI-MILANO_Giulni_rubinetteria-8.jpg\" alt=\"GIULINI D\u00c9FILE AU SALON DESIGN'N'FASHION DE MILAN\" width=\"1564\" height=\"1047\" srcset=\"https:\/\/www.giulini.it\/wp-content\/uploads\/2025\/01\/GIULINI-SFILA-ALLA-DESIGNNFASHION-DI-MILANO_Giulni_rubinetteria-8-200x134.jpg%20200w,%20https:\/www.giulini.it\/wp-content\/uploads\/2025\/01\/GIULINI-SFILA-ALLA-DESIGNNFASHION-DI-MILANO_Giulni_rubinetteria-8-300x201.jpg%20300w,%20https:\/www.giulini.it\/wp-content\/uploads\/2025\/01\/GIULINI-SFILA-ALLA-DESIGNNFASHION-DI-MILANO_Giulni_rubinetteria-8-400x268.jpg%20400w,%20https:\/www.giulini.it\/wp-content\/uploads\/2025\/01\/GIULINI-SFILA-ALLA-DESIGNNFASHION-DI-MILANO_Giulni_rubinetteria-8-500x335.jpg%20500w,%20https:\/www.giulini.it\/wp-content\/uploads\/2025\/01\/GIULINI-SFILA-ALLA-DESIGNNFASHION-DI-MILANO_Giulni_rubinetteria-8-600x402.jpg%20600w,%20https:\/www.giulini.it\/wp-content\/uploads\/2025\/01\/GIULINI-SFILA-ALLA-DESIGNNFASHION-DI-MILANO_Giulni_rubinetteria-8-700x469.jpg%20700w,%20https:\/www.giulini.it\/wp-content\/uploads\/2025\/01\/GIULINI-SFILA-ALLA-DESIGNNFASHION-DI-MILANO_Giulni_rubinetteria-8-768x514.jpg%20768w,%20https:\/www.giulini.it\/wp-content\/uploads\/2025\/01\/GIULINI-SFILA-ALLA-DESIGNNFASHION-DI-MILANO_Giulni_rubinetteria-8-800x536.jpg%20800w,%20https:\/www.giulini.it\/wp-content\/uploads\/2025\/01\/GIULINI-SFILA-ALLA-DESIGNNFASHION-DI-MILANO_Giulni_rubinetteria-8-1024x686.jpg%201024w,%20https:\/www.giulini.it\/wp-content\/uploads\/2025\/01\/GIULINI-SFILA-ALLA-DESIGNNFASHION-DI-MILANO_Giulni_rubinetteria-8-1200x803.jpg%201200w,%20https:\/www.giulini.it\/wp-content\/uploads\/2025\/01\/GIULINI-SFILA-ALLA-DESIGNNFASHION-DI-MILANO_Giulni_rubinetteria-8-1536x1028.jpg%201536w,%20https:\/www.giulini.it\/wp-content\/uploads\/2025\/01\/GIULINI-SFILA-ALLA-DESIGNNFASHION-DI-MILANO_Giulni_rubinetteria-8.jpg%201564w\" sizes=\"(max-width: 1564px) 100vw, 1564px\" \/><\/p>\n<h3>DESIGN ET ART de Marco Poletti<\/h3>\n<p>Pour conclure, un coffret sp\u00e9cial : Design et Art, unis par un d\u00e9nominateur commun, la cr\u00e9ativit\u00e9.<\/p>\n<p>D&rsquo;une part, les collections de design, sign\u00e9es Marco Poletti, d&rsquo;autre part les \u0153uvres d&rsquo;art. Tous deux interpr\u00e8tent la m\u00eame id\u00e9e cr\u00e9ative et partent du m\u00eame point pour s&rsquo;exprimer ensuite avec deux langages diff\u00e9rents, mais qui restent en harmonie et s&rsquo;attirent magiquement l&rsquo;un l&rsquo;autre. <\/p>\n<p>L&rsquo;Ego de Giulini a \u00e9t\u00e9 expos\u00e9 ici avec son th\u00e8me multicolore, rehauss\u00e9 par une explosion de couleurs.<\/p>\n<p><img decoding=\"async\" class=\"alignnone size-full wp-image-2820\" src=\"https:\/\/www.giulini.it\/wp-content\/uploads\/2025\/01\/GIULINI-SFILA-ALLA-DESIGNNFASHION-DI-MILANO_Giulni_rubinetteria-9.jpg\" alt=\"GIULINI D\u00c9FILE AU SALON DESIGN'N'FASHION DE MILAN\" width=\"1564\" height=\"1047\" srcset=\"https:\/\/www.giulini.it\/wp-content\/uploads\/2025\/01\/GIULINI-SFILA-ALLA-DESIGNNFASHION-DI-MILANO_Giulni_rubinetteria-9-200x134.jpg%20200w,%20https:\/www.giulini.it\/wp-content\/uploads\/2025\/01\/GIULINI-SFILA-ALLA-DESIGNNFASHION-DI-MILANO_Giulni_rubinetteria-9-300x201.jpg%20300w,%20https:\/www.giulini.it\/wp-content\/uploads\/2025\/01\/GIULINI-SFILA-ALLA-DESIGNNFASHION-DI-MILANO_Giulni_rubinetteria-9-400x268.jpg%20400w,%20https:\/www.giulini.it\/wp-content\/uploads\/2025\/01\/GIULINI-SFILA-ALLA-DESIGNNFASHION-DI-MILANO_Giulni_rubinetteria-9-500x335.jpg%20500w,%20https:\/www.giulini.it\/wp-content\/uploads\/2025\/01\/GIULINI-SFILA-ALLA-DESIGNNFASHION-DI-MILANO_Giulni_rubinetteria-9-600x402.jpg%20600w,%20https:\/www.giulini.it\/wp-content\/uploads\/2025\/01\/GIULINI-SFILA-ALLA-DESIGNNFASHION-DI-MILANO_Giulni_rubinetteria-9-700x469.jpg%20700w,%20https:\/www.giulini.it\/wp-content\/uploads\/2025\/01\/GIULINI-SFILA-ALLA-DESIGNNFASHION-DI-MILANO_Giulni_rubinetteria-9-768x514.jpg%20768w,%20https:\/www.giulini.it\/wp-content\/uploads\/2025\/01\/GIULINI-SFILA-ALLA-DESIGNNFASHION-DI-MILANO_Giulni_rubinetteria-9-800x536.jpg%20800w,%20https:\/www.giulini.it\/wp-content\/uploads\/2025\/01\/GIULINI-SFILA-ALLA-DESIGNNFASHION-DI-MILANO_Giulni_rubinetteria-9-1024x686.jpg%201024w,%20https:\/www.giulini.it\/wp-content\/uploads\/2025\/01\/GIULINI-SFILA-ALLA-DESIGNNFASHION-DI-MILANO_Giulni_rubinetteria-9-1200x803.jpg%201200w,%20https:\/www.giulini.it\/wp-content\/uploads\/2025\/01\/GIULINI-SFILA-ALLA-DESIGNNFASHION-DI-MILANO_Giulni_rubinetteria-9-1536x1028.jpg%201536w,%20https:\/www.giulini.it\/wp-content\/uploads\/2025\/01\/GIULINI-SFILA-ALLA-DESIGNNFASHION-DI-MILANO_Giulni_rubinetteria-9.jpg%201564w\" sizes=\"(max-width: 1564px) 100vw, 1564px\" \/><\/p>\n<p><img decoding=\"async\" class=\"alignnone size-full wp-image-2826\" src=\"https:\/\/www.giulini.it\/wp-content\/uploads\/2025\/01\/GIULINI-SFILA-ALLA-DESIGNNFASHION-DI-MILANO_Giulni_rubinetteria-10.jpg\" alt=\"GIULINI D\u00c9FILE AU SALON DESIGN'N'FASHION DE MILAN\" width=\"1564\" height=\"1047\" srcset=\"https:\/\/www.giulini.it\/wp-content\/uploads\/2025\/01\/GIULINI-SFILA-ALLA-DESIGNNFASHION-DI-MILANO_Giulni_rubinetteria-10-200x134.jpg%20200w,%20https:\/www.giulini.it\/wp-content\/uploads\/2025\/01\/GIULINI-SFILA-ALLA-DESIGNNFASHION-DI-MILANO_Giulni_rubinetteria-10-300x201.jpg%20300w,%20https:\/www.giulini.it\/wp-content\/uploads\/2025\/01\/GIULINI-SFILA-ALLA-DESIGNNFASHION-DI-MILANO_Giulni_rubinetteria-10-400x268.jpg%20400w,%20https:\/www.giulini.it\/wp-content\/uploads\/2025\/01\/GIULINI-SFILA-ALLA-DESIGNNFASHION-DI-MILANO_Giulni_rubinetteria-10-500x335.jpg%20500w,%20https:\/www.giulini.it\/wp-content\/uploads\/2025\/01\/GIULINI-SFILA-ALLA-DESIGNNFASHION-DI-MILANO_Giulni_rubinetteria-10-600x402.jpg%20600w,%20https:\/www.giulini.it\/wp-content\/uploads\/2025\/01\/GIULINI-SFILA-ALLA-DESIGNNFASHION-DI-MILANO_Giulni_rubinetteria-10-700x469.jpg%20700w,%20https:\/www.giulini.it\/wp-content\/uploads\/2025\/01\/GIULINI-SFILA-ALLA-DESIGNNFASHION-DI-MILANO_Giulni_rubinetteria-10-768x514.jpg%20768w,%20https:\/www.giulini.it\/wp-content\/uploads\/2025\/01\/GIULINI-SFILA-ALLA-DESIGNNFASHION-DI-MILANO_Giulni_rubinetteria-10-800x536.jpg%20800w,%20https:\/www.giulini.it\/wp-content\/uploads\/2025\/01\/GIULINI-SFILA-ALLA-DESIGNNFASHION-DI-MILANO_Giulni_rubinetteria-10-1024x686.jpg%201024w,%20https:\/www.giulini.it\/wp-content\/uploads\/2025\/01\/GIULINI-SFILA-ALLA-DESIGNNFASHION-DI-MILANO_Giulni_rubinetteria-10-1200x803.jpg%201200w,%20https:\/www.giulini.it\/wp-content\/uploads\/2025\/01\/GIULINI-SFILA-ALLA-DESIGNNFASHION-DI-MILANO_Giulni_rubinetteria-10-1536x1028.jpg%201536w,%20https:\/www.giulini.it\/wp-content\/uploads\/2025\/01\/GIULINI-SFILA-ALLA-DESIGNNFASHION-DI-MILANO_Giulni_rubinetteria-10.jpg%201564w\" sizes=\"(max-width: 1564px) 100vw, 1564px\" \/><\/p>\n<p><img decoding=\"async\" class=\"alignnone size-full wp-image-2832\" src=\"https:\/\/www.giulini.it\/wp-content\/uploads\/2025\/01\/GIULINI-SFILA-ALLA-DESIGNNFASHION-DI-MILANO_Giulni_rubinetteria-11.jpg\" alt=\"GIULINI D\u00c9FILE AU SALON DESIGN'N'FASHION DE MILAN\" width=\"1564\" height=\"1047\" srcset=\"https:\/\/www.giulini.it\/wp-content\/uploads\/2025\/01\/GIULINI-SFILA-ALLA-DESIGNNFASHION-DI-MILANO_Giulni_rubinetteria-11-200x134.jpg%20200w,%20https:\/www.giulini.it\/wp-content\/uploads\/2025\/01\/GIULINI-SFILA-ALLA-DESIGNNFASHION-DI-MILANO_Giulni_rubinetteria-11-300x201.jpg%20300w,%20https:\/www.giulini.it\/wp-content\/uploads\/2025\/01\/GIULINI-SFILA-ALLA-DESIGNNFASHION-DI-MILANO_Giulni_rubinetteria-11-400x268.jpg%20400w,%20https:\/www.giulini.it\/wp-content\/uploads\/2025\/01\/GIULINI-SFILA-ALLA-DESIGNNFASHION-DI-MILANO_Giulni_rubinetteria-11-500x335.jpg%20500w,%20https:\/www.giulini.it\/wp-content\/uploads\/2025\/01\/GIULINI-SFILA-ALLA-DESIGNNFASHION-DI-MILANO_Giulni_rubinetteria-11-600x402.jpg%20600w,%20https:\/www.giulini.it\/wp-content\/uploads\/2025\/01\/GIULINI-SFILA-ALLA-DESIGNNFASHION-DI-MILANO_Giulni_rubinetteria-11-700x469.jpg%20700w,%20https:\/www.giulini.it\/wp-content\/uploads\/2025\/01\/GIULINI-SFILA-ALLA-DESIGNNFASHION-DI-MILANO_Giulni_rubinetteria-11-768x514.jpg%20768w,%20https:\/www.giulini.it\/wp-content\/uploads\/2025\/01\/GIULINI-SFILA-ALLA-DESIGNNFASHION-DI-MILANO_Giulni_rubinetteria-11-800x536.jpg%20800w,%20https:\/www.giulini.it\/wp-content\/uploads\/2025\/01\/GIULINI-SFILA-ALLA-DESIGNNFASHION-DI-MILANO_Giulni_rubinetteria-11-1024x686.jpg%201024w,%20https:\/www.giulini.it\/wp-content\/uploads\/2025\/01\/GIULINI-SFILA-ALLA-DESIGNNFASHION-DI-MILANO_Giulni_rubinetteria-11-1200x803.jpg%201200w,%20https:\/www.giulini.it\/wp-content\/uploads\/2025\/01\/GIULINI-SFILA-ALLA-DESIGNNFASHION-DI-MILANO_Giulni_rubinetteria-11-1536x1028.jpg%201536w,%20https:\/www.giulini.it\/wp-content\/uploads\/2025\/01\/GIULINI-SFILA-ALLA-DESIGNNFASHION-DI-MILANO_Giulni_rubinetteria-11.jpg%201564w\" sizes=\"(max-width: 1564px) 100vw, 1564px\" \/><\/p>\n<p>Producteur et directeur artistique Marco <a href=\"https:\/\/www.instagram.com\/marco_poletti_architetto?utm_source=ig_web_button_share_sheet&amp;igsh=ZDNlZDc0MzIxNw==\"> Poletti @marco_poletti_architect<\/a> <a href=\"https:\/\/www.instagram.com\/dna_madeinitaly?utm_source=ig_web_button_share_sheet&amp;igsh=ZDNlZDc0MzIxNw==\" target=\"_blank\" rel=\"noopener\">@dna_madeinitaly<\/a><\/p>\n<p>Directrice de la sc\u00e9nographie Gaia Zanotti <a href=\"https:\/\/www.instagram.com\/gaiazanotti.design?utm_source=ig_web_button_share_sheet&amp;igsh=ZDNlZDc0MzIxNw==\" target=\"_blank\" rel=\"noopener\">@gaiazanotti.design<\/a><\/p>\n<p>Producteur et directeur artistique de la mode Tariel Bisharyan <a href=\"https:\/\/www.instagram.com\/tariel.bisharian\/\" target=\"_blank\" rel=\"noopener\">@tariel.bisharian<\/a><\/p>\n","protected":false},"excerpt":{"rendered":"<p>GIULINI \u00ab\u00a0d\u00e9file\u00a0\u00bb \u00e0 Design&rsquo;N&rsquo;Fashion pendant la semaine de la mode  [&#8230;]<\/p>\n","protected":false},"author":3,"featured_media":2798,"comment_status":"open","ping_status":"open","sticky":false,"template":"","format":"standard","meta":{"_bbp_topic_count":0,"_bbp_reply_count":0,"_bbp_total_topic_count":0,"_bbp_total_reply_count":0,"_bbp_voice_count":0,"_bbp_anonymous_reply_count":0,"_bbp_topic_count_hidden":0,"_bbp_reply_count_hidden":0,"_bbp_forum_subforum_count":0,"footnotes":""},"categories":[322],"tags":[],"class_list":["post-21242","post","type-post","status-publish","format-standard","has-post-thumbnail","hentry","category-g-parler"],"acf":[],"yoast_head":"<!-- This site is optimized with the Yoast SEO plugin v26.2 - https:\/\/yoast.com\/wordpress\/plugins\/seo\/ -->\n<title>GIULINI D\u00c9FILE AU SALON DESIGN&#039;N&#039;FASHION DE MILAN - Rubinetterie Giulini<\/title>\n<meta name=\"robots\" content=\"index, follow, max-snippet:-1, max-image-preview:large, max-video-preview:-1\" \/>\n<link rel=\"canonical\" href=\"https:\/\/www.giulini.it\/fr\/giulini-defile-au-salon-designnfashion-de-milan\/\" \/>\n<meta property=\"og:locale\" content=\"fr_FR\" \/>\n<meta property=\"og:type\" content=\"article\" \/>\n<meta property=\"og:title\" content=\"GIULINI D\u00c9FILE AU SALON DESIGN&#039;N&#039;FASHION DE MILAN - Rubinetterie Giulini\" \/>\n<meta property=\"og:description\" content=\"GIULINI \u00ab\u00a0d\u00e9file\u00a0\u00bb \u00e0 Design&rsquo;N&rsquo;Fashion pendant la semaine de la mode [...]\" \/>\n<meta property=\"og:url\" content=\"https:\/\/www.giulini.it\/fr\/giulini-defile-au-salon-designnfashion-de-milan\/\" \/>\n<meta property=\"og:site_name\" content=\"Rubinetterie Giulini\" \/>\n<meta property=\"article:publisher\" content=\"https:\/\/www.facebook.com\/profile.php?id=61573782434677\" \/>\n<meta property=\"article:published_time\" content=\"2025-01-26T10:41:00+00:00\" \/>\n<meta property=\"article:modified_time\" content=\"2025-02-14T09:40:23+00:00\" \/>\n<meta property=\"og:image\" content=\"https:\/\/www.giulini.it\/wp-content\/uploads\/2025\/01\/6_G.Talk_anteprima_Giulini_rubinetteria.jpg\" \/>\n\t<meta property=\"og:image:width\" content=\"747\" \/>\n\t<meta property=\"og:image:height\" content=\"451\" \/>\n\t<meta property=\"og:image:type\" content=\"image\/jpeg\" \/>\n<meta name=\"author\" content=\"web.poletti\" \/>\n<meta name=\"twitter:card\" content=\"summary_large_image\" \/>\n<meta name=\"twitter:label1\" content=\"\u00c9crit par\" \/>\n\t<meta name=\"twitter:data1\" content=\"web.poletti\" \/>\n\t<meta name=\"twitter:label2\" content=\"Dur\u00e9e de lecture estim\u00e9e\" \/>\n\t<meta name=\"twitter:data2\" content=\"2 minutes\" \/>\n<script type=\"application\/ld+json\" class=\"yoast-schema-graph\">{\"@context\":\"https:\/\/schema.org\",\"@graph\":[{\"@type\":\"Article\",\"@id\":\"https:\/\/www.giulini.it\/fr\/giulini-defile-au-salon-designnfashion-de-milan\/#article\",\"isPartOf\":{\"@id\":\"https:\/\/www.giulini.it\/fr\/giulini-defile-au-salon-designnfashion-de-milan\/\"},\"author\":{\"name\":\"web.poletti\",\"@id\":\"https:\/\/www.giulini.it\/#\/schema\/person\/a5c030e73f87c6f46520fed1a6c2ae1b\"},\"headline\":\"GIULINI D\u00c9FILE AU SALON DESIGN&rsquo;N&rsquo;FASHION DE MILAN\",\"datePublished\":\"2025-01-26T10:41:00+00:00\",\"dateModified\":\"2025-02-14T09:40:23+00:00\",\"mainEntityOfPage\":{\"@id\":\"https:\/\/www.giulini.it\/fr\/giulini-defile-au-salon-designnfashion-de-milan\/\"},\"wordCount\":397,\"commentCount\":0,\"publisher\":{\"@id\":\"https:\/\/www.giulini.it\/#organization\"},\"image\":{\"@id\":\"https:\/\/www.giulini.it\/fr\/giulini-defile-au-salon-designnfashion-de-milan\/#primaryimage\"},\"thumbnailUrl\":\"https:\/\/www.giulini.it\/wp-content\/uploads\/2025\/01\/6_G.Talk_anteprima_Giulini_rubinetteria.jpg\",\"articleSection\":[\"G. Parler\"],\"inLanguage\":\"fr-FR\"},{\"@type\":\"WebPage\",\"@id\":\"https:\/\/www.giulini.it\/fr\/giulini-defile-au-salon-designnfashion-de-milan\/\",\"url\":\"https:\/\/www.giulini.it\/fr\/giulini-defile-au-salon-designnfashion-de-milan\/\",\"name\":\"GIULINI D\u00c9FILE AU SALON DESIGN'N'FASHION DE MILAN - Rubinetterie Giulini\",\"isPartOf\":{\"@id\":\"https:\/\/www.giulini.it\/#website\"},\"primaryImageOfPage\":{\"@id\":\"https:\/\/www.giulini.it\/fr\/giulini-defile-au-salon-designnfashion-de-milan\/#primaryimage\"},\"image\":{\"@id\":\"https:\/\/www.giulini.it\/fr\/giulini-defile-au-salon-designnfashion-de-milan\/#primaryimage\"},\"thumbnailUrl\":\"https:\/\/www.giulini.it\/wp-content\/uploads\/2025\/01\/6_G.Talk_anteprima_Giulini_rubinetteria.jpg\",\"datePublished\":\"2025-01-26T10:41:00+00:00\",\"dateModified\":\"2025-02-14T09:40:23+00:00\",\"breadcrumb\":{\"@id\":\"https:\/\/www.giulini.it\/fr\/giulini-defile-au-salon-designnfashion-de-milan\/#breadcrumb\"},\"inLanguage\":\"fr-FR\",\"potentialAction\":[{\"@type\":\"ReadAction\",\"target\":[\"https:\/\/www.giulini.it\/fr\/giulini-defile-au-salon-designnfashion-de-milan\/\"]}]},{\"@type\":\"ImageObject\",\"inLanguage\":\"fr-FR\",\"@id\":\"https:\/\/www.giulini.it\/fr\/giulini-defile-au-salon-designnfashion-de-milan\/#primaryimage\",\"url\":\"https:\/\/www.giulini.it\/wp-content\/uploads\/2025\/01\/6_G.Talk_anteprima_Giulini_rubinetteria.jpg\",\"contentUrl\":\"https:\/\/www.giulini.it\/wp-content\/uploads\/2025\/01\/6_G.Talk_anteprima_Giulini_rubinetteria.jpg\",\"width\":747,\"height\":451,\"caption\":\"GIULINI D\u00c9FILE AU SALON DESIGN'N'FASHION DE MILAN\"},{\"@type\":\"BreadcrumbList\",\"@id\":\"https:\/\/www.giulini.it\/fr\/giulini-defile-au-salon-designnfashion-de-milan\/#breadcrumb\",\"itemListElement\":[{\"@type\":\"ListItem\",\"position\":1,\"name\":\"Home\",\"item\":\"https:\/\/www.giulini.it\/fr\/accueil\/\"},{\"@type\":\"ListItem\",\"position\":2,\"name\":\"GIULINI D\u00c9FILE AU SALON DESIGN&#8217;N&#8217;FASHION DE MILAN\"}]},{\"@type\":\"WebSite\",\"@id\":\"https:\/\/www.giulini.it\/#website\",\"url\":\"https:\/\/www.giulini.it\/\",\"name\":\"Rubinetterie Giulini\",\"description\":\"\",\"publisher\":{\"@id\":\"https:\/\/www.giulini.it\/#organization\"},\"potentialAction\":[{\"@type\":\"SearchAction\",\"target\":{\"@type\":\"EntryPoint\",\"urlTemplate\":\"https:\/\/www.giulini.it\/?s=%7Bsearch_term_string%7D\"},\"query-input\":{\"@type\":\"PropertyValueSpecification\",\"valueRequired\":true,\"valueName\":\"search_term_string\"}}],\"inLanguage\":\"fr-FR\"},{\"@type\":\"Organization\",\"@id\":\"https:\/\/www.giulini.it\/#organization\",\"name\":\"Rubinetterie Giulini\",\"url\":\"https:\/\/www.giulini.it\/\",\"logo\":{\"@type\":\"ImageObject\",\"inLanguage\":\"fr-FR\",\"@id\":\"https:\/\/www.giulini.it\/#\/schema\/logo\/image\/\",\"url\":\"https:\/\/www.giulini.it\/wp-content\/uploads\/2025\/10\/Logo-GIULINI.svg\",\"contentUrl\":\"https:\/\/www.giulini.it\/wp-content\/uploads\/2025\/10\/Logo-GIULINI.svg\",\"width\":1036,\"height\":250,\"caption\":\"Rubinetterie Giulini\"},\"image\":{\"@id\":\"https:\/\/www.giulini.it\/#\/schema\/logo\/image\/\"},\"sameAs\":[\"https:\/\/www.facebook.com\/profile.php?id=61573782434677\"]},{\"@type\":\"Person\",\"@id\":\"https:\/\/www.giulini.it\/#\/schema\/person\/a5c030e73f87c6f46520fed1a6c2ae1b\",\"name\":\"web.poletti\",\"image\":{\"@type\":\"ImageObject\",\"inLanguage\":\"fr-FR\",\"@id\":\"https:\/\/www.giulini.it\/#\/schema\/person\/image\/\",\"url\":\"https:\/\/secure.gravatar.com\/avatar\/a261f135ad7ad669d67d641fa142af549de0f7550b06c40b811d6593a8095695?s=96&d=mm&r=g\",\"contentUrl\":\"https:\/\/secure.gravatar.com\/avatar\/a261f135ad7ad669d67d641fa142af549de0f7550b06c40b811d6593a8095695?s=96&d=mm&r=g\",\"caption\":\"web.poletti\"},\"url\":\"https:\/\/www.giulini.it\/fr\/author\/web-poletti\/\"}]}<\/script>\n<!-- \/ Yoast SEO plugin. -->","yoast_head_json":{"title":"GIULINI D\u00c9FILE AU SALON DESIGN'N'FASHION DE MILAN - Rubinetterie Giulini","robots":{"index":"index","follow":"follow","max-snippet":"max-snippet:-1","max-image-preview":"max-image-preview:large","max-video-preview":"max-video-preview:-1"},"canonical":"https:\/\/www.giulini.it\/fr\/giulini-defile-au-salon-designnfashion-de-milan\/","og_locale":"fr_FR","og_type":"article","og_title":"GIULINI D\u00c9FILE AU SALON DESIGN'N'FASHION DE MILAN - Rubinetterie Giulini","og_description":"GIULINI \u00ab\u00a0d\u00e9file\u00a0\u00bb \u00e0 Design&rsquo;N&rsquo;Fashion pendant la semaine de la mode [...]","og_url":"https:\/\/www.giulini.it\/fr\/giulini-defile-au-salon-designnfashion-de-milan\/","og_site_name":"Rubinetterie Giulini","article_publisher":"https:\/\/www.facebook.com\/profile.php?id=61573782434677","article_published_time":"2025-01-26T10:41:00+00:00","article_modified_time":"2025-02-14T09:40:23+00:00","og_image":[{"width":747,"height":451,"url":"https:\/\/www.giulini.it\/wp-content\/uploads\/2025\/01\/6_G.Talk_anteprima_Giulini_rubinetteria.jpg","type":"image\/jpeg"}],"author":"web.poletti","twitter_card":"summary_large_image","twitter_misc":{"\u00c9crit par":"web.poletti","Dur\u00e9e de lecture estim\u00e9e":"2 minutes"},"schema":{"@context":"https:\/\/schema.org","@graph":[{"@type":"Article","@id":"https:\/\/www.giulini.it\/fr\/giulini-defile-au-salon-designnfashion-de-milan\/#article","isPartOf":{"@id":"https:\/\/www.giulini.it\/fr\/giulini-defile-au-salon-designnfashion-de-milan\/"},"author":{"name":"web.poletti","@id":"https:\/\/www.giulini.it\/#\/schema\/person\/a5c030e73f87c6f46520fed1a6c2ae1b"},"headline":"GIULINI D\u00c9FILE AU SALON DESIGN&rsquo;N&rsquo;FASHION DE MILAN","datePublished":"2025-01-26T10:41:00+00:00","dateModified":"2025-02-14T09:40:23+00:00","mainEntityOfPage":{"@id":"https:\/\/www.giulini.it\/fr\/giulini-defile-au-salon-designnfashion-de-milan\/"},"wordCount":397,"commentCount":0,"publisher":{"@id":"https:\/\/www.giulini.it\/#organization"},"image":{"@id":"https:\/\/www.giulini.it\/fr\/giulini-defile-au-salon-designnfashion-de-milan\/#primaryimage"},"thumbnailUrl":"https:\/\/www.giulini.it\/wp-content\/uploads\/2025\/01\/6_G.Talk_anteprima_Giulini_rubinetteria.jpg","articleSection":["G. Parler"],"inLanguage":"fr-FR"},{"@type":"WebPage","@id":"https:\/\/www.giulini.it\/fr\/giulini-defile-au-salon-designnfashion-de-milan\/","url":"https:\/\/www.giulini.it\/fr\/giulini-defile-au-salon-designnfashion-de-milan\/","name":"GIULINI D\u00c9FILE AU SALON DESIGN'N'FASHION DE MILAN - Rubinetterie Giulini","isPartOf":{"@id":"https:\/\/www.giulini.it\/#website"},"primaryImageOfPage":{"@id":"https:\/\/www.giulini.it\/fr\/giulini-defile-au-salon-designnfashion-de-milan\/#primaryimage"},"image":{"@id":"https:\/\/www.giulini.it\/fr\/giulini-defile-au-salon-designnfashion-de-milan\/#primaryimage"},"thumbnailUrl":"https:\/\/www.giulini.it\/wp-content\/uploads\/2025\/01\/6_G.Talk_anteprima_Giulini_rubinetteria.jpg","datePublished":"2025-01-26T10:41:00+00:00","dateModified":"2025-02-14T09:40:23+00:00","breadcrumb":{"@id":"https:\/\/www.giulini.it\/fr\/giulini-defile-au-salon-designnfashion-de-milan\/#breadcrumb"},"inLanguage":"fr-FR","potentialAction":[{"@type":"ReadAction","target":["https:\/\/www.giulini.it\/fr\/giulini-defile-au-salon-designnfashion-de-milan\/"]}]},{"@type":"ImageObject","inLanguage":"fr-FR","@id":"https:\/\/www.giulini.it\/fr\/giulini-defile-au-salon-designnfashion-de-milan\/#primaryimage","url":"https:\/\/www.giulini.it\/wp-content\/uploads\/2025\/01\/6_G.Talk_anteprima_Giulini_rubinetteria.jpg","contentUrl":"https:\/\/www.giulini.it\/wp-content\/uploads\/2025\/01\/6_G.Talk_anteprima_Giulini_rubinetteria.jpg","width":747,"height":451,"caption":"GIULINI D\u00c9FILE AU SALON DESIGN'N'FASHION DE MILAN"},{"@type":"BreadcrumbList","@id":"https:\/\/www.giulini.it\/fr\/giulini-defile-au-salon-designnfashion-de-milan\/#breadcrumb","itemListElement":[{"@type":"ListItem","position":1,"name":"Home","item":"https:\/\/www.giulini.it\/fr\/accueil\/"},{"@type":"ListItem","position":2,"name":"GIULINI D\u00c9FILE AU SALON DESIGN&#8217;N&#8217;FASHION DE MILAN"}]},{"@type":"WebSite","@id":"https:\/\/www.giulini.it\/#website","url":"https:\/\/www.giulini.it\/","name":"Rubinetterie Giulini","description":"","publisher":{"@id":"https:\/\/www.giulini.it\/#organization"},"potentialAction":[{"@type":"SearchAction","target":{"@type":"EntryPoint","urlTemplate":"https:\/\/www.giulini.it\/?s=%7Bsearch_term_string%7D"},"query-input":{"@type":"PropertyValueSpecification","valueRequired":true,"valueName":"search_term_string"}}],"inLanguage":"fr-FR"},{"@type":"Organization","@id":"https:\/\/www.giulini.it\/#organization","name":"Rubinetterie Giulini","url":"https:\/\/www.giulini.it\/","logo":{"@type":"ImageObject","inLanguage":"fr-FR","@id":"https:\/\/www.giulini.it\/#\/schema\/logo\/image\/","url":"https:\/\/www.giulini.it\/wp-content\/uploads\/2025\/10\/Logo-GIULINI.svg","contentUrl":"https:\/\/www.giulini.it\/wp-content\/uploads\/2025\/10\/Logo-GIULINI.svg","width":1036,"height":250,"caption":"Rubinetterie Giulini"},"image":{"@id":"https:\/\/www.giulini.it\/#\/schema\/logo\/image\/"},"sameAs":["https:\/\/www.facebook.com\/profile.php?id=61573782434677"]},{"@type":"Person","@id":"https:\/\/www.giulini.it\/#\/schema\/person\/a5c030e73f87c6f46520fed1a6c2ae1b","name":"web.poletti","image":{"@type":"ImageObject","inLanguage":"fr-FR","@id":"https:\/\/www.giulini.it\/#\/schema\/person\/image\/","url":"https:\/\/secure.gravatar.com\/avatar\/a261f135ad7ad669d67d641fa142af549de0f7550b06c40b811d6593a8095695?s=96&d=mm&r=g","contentUrl":"https:\/\/secure.gravatar.com\/avatar\/a261f135ad7ad669d67d641fa142af549de0f7550b06c40b811d6593a8095695?s=96&d=mm&r=g","caption":"web.poletti"},"url":"https:\/\/www.giulini.it\/fr\/author\/web-poletti\/"}]}},"_links":{"self":[{"href":"https:\/\/www.giulini.it\/fr\/wp-json\/wp\/v2\/posts\/21242","targetHints":{"allow":["GET"]}}],"collection":[{"href":"https:\/\/www.giulini.it\/fr\/wp-json\/wp\/v2\/posts"}],"about":[{"href":"https:\/\/www.giulini.it\/fr\/wp-json\/wp\/v2\/types\/post"}],"author":[{"embeddable":true,"href":"https:\/\/www.giulini.it\/fr\/wp-json\/wp\/v2\/users\/3"}],"replies":[{"embeddable":true,"href":"https:\/\/www.giulini.it\/fr\/wp-json\/wp\/v2\/comments?post=21242"}],"version-history":[{"count":1,"href":"https:\/\/www.giulini.it\/fr\/wp-json\/wp\/v2\/posts\/21242\/revisions"}],"predecessor-version":[{"id":32587,"href":"https:\/\/www.giulini.it\/fr\/wp-json\/wp\/v2\/posts\/21242\/revisions\/32587"}],"wp:featuredmedia":[{"embeddable":true,"href":"https:\/\/www.giulini.it\/fr\/wp-json\/wp\/v2\/media\/2798"}],"wp:attachment":[{"href":"https:\/\/www.giulini.it\/fr\/wp-json\/wp\/v2\/media?parent=21242"}],"wp:term":[{"taxonomy":"category","embeddable":true,"href":"https:\/\/www.giulini.it\/fr\/wp-json\/wp\/v2\/categories?post=21242"},{"taxonomy":"post_tag","embeddable":true,"href":"https:\/\/www.giulini.it\/fr\/wp-json\/wp\/v2\/tags?post=21242"}],"curies":[{"name":"wp","href":"https:\/\/api.w.org\/{rel}","templated":true}]}}