{"id":36815,"date":"2026-01-20T15:13:58","date_gmt":"2026-01-20T14:13:58","guid":{"rendered":"https:\/\/www.giulini.it\/?p=36815"},"modified":"2026-01-20T15:14:02","modified_gmt":"2026-01-20T14:14:02","slug":"les-langues-du-temps-exposition-internationale","status":"publish","type":"post","link":"https:\/\/www.giulini.it\/fr\/les-langues-du-temps-exposition-internationale\/","title":{"rendered":"LES LANGUES DU TEMPS &#8211; Exposition internationale"},"content":{"rendered":"<p><strong>\u00ab\u00a0Les langages du temps dans la conception d&rsquo;une vie meilleure\u00a0\u00bb.<\/strong><\/p>\n<p>Giulini G. Rubinetteria a particip\u00e9, avec d&rsquo;autres excellences italiennes, \u00e0 l&rsquo;exposition \u00ab\u00a0I linguaggi del tempo nel design per una vita migliore\u00a0\u00bb (\u00ab\u00a0Les langues du temps dans le design pour une vie meilleure\u00a0\u00bb) qui s&rsquo;est tenue \u00e0 l&rsquo;Institut culturel italien d&rsquo;Almaty, au Kazakhstan. Un voyage de 30 ans, de 1995 \u00e0 2025, o\u00f9 cycliquement le design a chang\u00e9 de langage, \u00e9voluant et se modifiant dans le but de rendre meilleur le monde qui nous entoure. <\/p>\n<p>Exposition organis\u00e9e par l&rsquo;architecte Marco Poletti, en collaboration avec Gaia Zanotti.<\/p>\n<p><img decoding=\"async\" class=\"alignnone wp-image-36750 size-full\" src=\"https:\/\/www.giulini.it\/wp-content\/uploads\/2026\/01\/LDT_giulini_rubinetteria_1-1.png\" alt=\"\" width=\"1564\" height=\"625\" srcset=\"https:\/\/www.giulini.it\/wp-content\/uploads\/2026\/01\/LDT_giulini_rubinetteria_1-1-200x80.png%20200w,%20https:\/www.giulini.it\/wp-content\/uploads\/2026\/01\/LDT_giulini_rubinetteria_1-1-300x120.png%20300w,%20https:\/www.giulini.it\/wp-content\/uploads\/2026\/01\/LDT_giulini_rubinetteria_1-1-400x160.png%20400w,%20https:\/www.giulini.it\/wp-content\/uploads\/2026\/01\/LDT_giulini_rubinetteria_1-1-500x200.png%20500w,%20https:\/www.giulini.it\/wp-content\/uploads\/2026\/01\/LDT_giulini_rubinetteria_1-1-600x240.png%20600w,%20https:\/www.giulini.it\/wp-content\/uploads\/2026\/01\/LDT_giulini_rubinetteria_1-1-700x280.png%20700w,%20https:\/www.giulini.it\/wp-content\/uploads\/2026\/01\/LDT_giulini_rubinetteria_1-1-768x307.png%20768w,%20https:\/www.giulini.it\/wp-content\/uploads\/2026\/01\/LDT_giulini_rubinetteria_1-1-800x320.png%20800w,%20https:\/www.giulini.it\/wp-content\/uploads\/2026\/01\/LDT_giulini_rubinetteria_1-1-1024x409.png%201024w,%20https:\/www.giulini.it\/wp-content\/uploads\/2026\/01\/LDT_giulini_rubinetteria_1-1-1200x480.png%201200w,%20https:\/www.giulini.it\/wp-content\/uploads\/2026\/01\/LDT_giulini_rubinetteria_1-1-1536x614.png%201536w,%20https:\/www.giulini.it\/wp-content\/uploads\/2026\/01\/LDT_giulini_rubinetteria_1-1.png%201564w\" sizes=\"(max-width: 1564px) 100vw, 1564px\" \/><\/p>\n<p><img decoding=\"async\" class=\"wp-image-36756 size-full alignnone\" src=\"https:\/\/www.giulini.it\/wp-content\/uploads\/2026\/01\/LDT_giulini_rubinetteria_2-1.png\" alt=\"\" width=\"1564\" height=\"625\" srcset=\"https:\/\/www.giulini.it\/wp-content\/uploads\/2026\/01\/LDT_giulini_rubinetteria_2-1-200x80.png%20200w,%20https:\/www.giulini.it\/wp-content\/uploads\/2026\/01\/LDT_giulini_rubinetteria_2-1-300x120.png%20300w,%20https:\/www.giulini.it\/wp-content\/uploads\/2026\/01\/LDT_giulini_rubinetteria_2-1-400x160.png%20400w,%20https:\/www.giulini.it\/wp-content\/uploads\/2026\/01\/LDT_giulini_rubinetteria_2-1-500x200.png%20500w,%20https:\/www.giulini.it\/wp-content\/uploads\/2026\/01\/LDT_giulini_rubinetteria_2-1-600x240.png%20600w,%20https:\/www.giulini.it\/wp-content\/uploads\/2026\/01\/LDT_giulini_rubinetteria_2-1-700x280.png%20700w,%20https:\/www.giulini.it\/wp-content\/uploads\/2026\/01\/LDT_giulini_rubinetteria_2-1-768x307.png%20768w,%20https:\/www.giulini.it\/wp-content\/uploads\/2026\/01\/LDT_giulini_rubinetteria_2-1-800x320.png%20800w,%20https:\/www.giulini.it\/wp-content\/uploads\/2026\/01\/LDT_giulini_rubinetteria_2-1-1024x409.png%201024w,%20https:\/www.giulini.it\/wp-content\/uploads\/2026\/01\/LDT_giulini_rubinetteria_2-1-1200x480.png%201200w,%20https:\/www.giulini.it\/wp-content\/uploads\/2026\/01\/LDT_giulini_rubinetteria_2-1-1536x614.png%201536w,%20https:\/www.giulini.it\/wp-content\/uploads\/2026\/01\/LDT_giulini_rubinetteria_2-1.png%201564w\" sizes=\"(max-width: 1564px) 100vw, 1564px\" \/><\/p>\n<p>Lors de l&rsquo;inauguration de l&rsquo;exposition \u00e0 l&rsquo;Institut culturel italien\/Space-D \u00e0 Almaty, Kazakhstan, en pr\u00e9sence de l&rsquo;ambassadeur adjoint Petito Aniello, du directeur de l&rsquo;Institut culturel italien Edoardo Crisafulli et du directeur de l&rsquo;ICE Martino Castellani.<\/p>\n<p><img decoding=\"async\" class=\"wp-image-36763 size-full aligncenter\" src=\"https:\/\/www.giulini.it\/wp-content\/uploads\/2026\/01\/LDT_giulini_rubinetteria_3-1.png\" alt=\"\" width=\"1026\" height=\"625\" srcset=\"https:\/\/www.giulini.it\/wp-content\/uploads\/2026\/01\/LDT_giulini_rubinetteria_3-1-200x122.png%20200w,%20https:\/www.giulini.it\/wp-content\/uploads\/2026\/01\/LDT_giulini_rubinetteria_3-1-300x183.png%20300w,%20https:\/www.giulini.it\/wp-content\/uploads\/2026\/01\/LDT_giulini_rubinetteria_3-1-400x244.png%20400w,%20https:\/www.giulini.it\/wp-content\/uploads\/2026\/01\/LDT_giulini_rubinetteria_3-1-500x305.png%20500w,%20https:\/www.giulini.it\/wp-content\/uploads\/2026\/01\/LDT_giulini_rubinetteria_3-1-600x365.png%20600w,%20https:\/www.giulini.it\/wp-content\/uploads\/2026\/01\/LDT_giulini_rubinetteria_3-1-700x426.png%20700w,%20https:\/www.giulini.it\/wp-content\/uploads\/2026\/01\/LDT_giulini_rubinetteria_3-1-768x468.png%20768w,%20https:\/www.giulini.it\/wp-content\/uploads\/2026\/01\/LDT_giulini_rubinetteria_3-1-800x487.png%20800w,%20https:\/www.giulini.it\/wp-content\/uploads\/2026\/01\/LDT_giulini_rubinetteria_3-1-1024x624.png%201024w,%20https:\/www.giulini.it\/wp-content\/uploads\/2026\/01\/LDT_giulini_rubinetteria_3-1.png%201026w\" sizes=\"(max-width: 1026px) 100vw, 1026px\" \/><\/p>\n<p>L&rsquo;exposition, con\u00e7ue pour \u00eatre modulaire et diffuse, a fait une halte dans la prestigieuse \u00e9cole de design kazakhe \u00ab\u00a0KazGASA\u00a0\u00bb, puis est retourn\u00e9e en Italie. \u00c0 Milan, au sein du Palazzo Bocconi. <\/p>\n<p><strong>Th\u00e8me de l&rsquo;exposition<\/strong><\/p>\n<p>\u00ab\u00a0<strong>Les langages du temps dans le design pour une vie meilleure\u00a0\u00bb<\/strong> explique non seulement le processus cr\u00e9atif du designer, mais montre surtout comment le design, de mani\u00e8re cyclique, anticipe le changement, en s&rsquo;effor\u00e7ant d&rsquo;am\u00e9liorer la qualit\u00e9 de vie et de r\u00e9duire les in\u00e9galit\u00e9s.<br \/>\nLe design, en tant que vecteur de transformation, est une approche qui va au-del\u00e0 de l&rsquo;esth\u00e9tique et de la fonctionnalit\u00e9. Il s&rsquo;agit d&rsquo;une discipline strat\u00e9gique qui combine la cr\u00e9ativit\u00e9 et la r\u00e9solution de probl\u00e8mes pour g\u00e9n\u00e9rer des impacts positifs \u00e0 grande \u00e9chelle. Le design joue un r\u00f4le crucial en tant qu&rsquo;agent de changement dans de nombreux domaines : l&rsquo;innovation sociale, la durabilit\u00e9 environnementale, la transformation \u00e9conomique, la technologie et la num\u00e9risation, ainsi que les espaces et les communaut\u00e9s. Par cons\u00e9quent, en travaillant en synergie avec d&rsquo;autres disciplines, le design a le potentiel de mener l&rsquo;humanit\u00e9 vers un avenir plus durable, plus \u00e9quitable et plus innovant. Les langages du temps sont des points de vue qui, \u00e0 travers un processus \u00e9volutif, se transforment en visions strat\u00e9giques, \u00e0 l&rsquo;int\u00e9rieur desquelles diff\u00e9rents types de capsules\/\u00e9dits prennent forme. Une spirale en constante \u00e9volution qui, \u00e0 chaque cycle, g\u00e9n\u00e8re un nouveau langage. L&rsquo;exposition \u00ab\u00a0The Languages of Time in Design for a Better Life\u00a0\u00bb illustre et explique, \u00e0 travers 8 cycles, comment le design a \u00e9t\u00e9 et continue d&rsquo;\u00eatre capable de d\u00e9coder, d&rsquo;interpr\u00e9ter et d&rsquo;anticiper non seulement les besoins actuels, mais aussi les d\u00e9sirs et les besoins futurs.      <\/p>\n<p><strong>Objectifs de l&rsquo;exposition<\/strong><\/p>\n<p><strong> <\/strong>Il design \u00e8 un potente veicolo di cambiamento: intreccia creativit\u00e0, innovazione e strategia per affrontare sfide sociali, ambientali ed economiche. La sua capacit\u00e0 di influenzare il modo in cui pensiamo, viviamo e interagiamo con il mondo lo rende uno strumento fondamentale per guidare trasformazioni positive. Il design come veicolo di cambiamento \u00e8 un approccio che supera estetica e funzionalit\u00e0: collega creativit\u00e0 e capacit\u00e0 di risoluzione dei problemi per generare impatti positivi su larga scala. Lavorando in sinergia con altre discipline, pu\u00f2 guidare l\u2019umanit\u00e0 verso un futuro pi\u00f9 sostenibile, equo e innovativo. Le disuguaglianze \u2014 sociali, economiche, culturali o ambientali \u2014 sono tra le sfide pi\u00f9 urgenti del nostro tempo. Il design pu\u00f2 agire come forza trasformativa per ridurre queste disparit\u00e0 e contribuire a una vita migliore per tutti. Attraverso soluzioni innovative e inclusive, pu\u00f2 promuovere uguaglianza, giustizia e benessere.      <\/p>\n<p>En bref, le concept des <strong>\u00ab\u00a0langages du temps\u00a0\u00bb<\/strong> repr\u00e9sente un \u00e9l\u00e9ment fondamental de la philosophie de conception de Marco Poletti. Une id\u00e9e unique et originale qui explore les diff\u00e9rentes dimensions du temps dans le processus de cr\u00e9ation et de production. L&rsquo;exposition en est la r\u00e9ponse concr\u00e8te.  <\/p>\n<p><strong>Les produits Giulini dans l&rsquo;exposition<\/strong><\/p>\n<p>\u00c9VOLUTION DES FLUIDES &#8211; 2023\/ 2024<\/p>\n<p>My Future interpr\u00e8te parfaitement le concept de collection fluide de cette langue, o\u00f9 la possibilit\u00e9 de choisir les finitions, le traitement de luxe et les couleurs RAL offre au concepteur la libert\u00e9 d&rsquo;une personnalisation compl\u00e8te.<\/p>\n<p><img decoding=\"async\" class=\"alignnone wp-image-36802 size-full\" src=\"https:\/\/www.giulini.it\/wp-content\/uploads\/2026\/01\/LDT_giulini_rubinetteria_4-1.png\" alt=\"\" width=\"1564\" height=\"625\" srcset=\"https:\/\/www.giulini.it\/wp-content\/uploads\/2026\/01\/LDT_giulini_rubinetteria_4-1-200x80.png%20200w,%20https:\/www.giulini.it\/wp-content\/uploads\/2026\/01\/LDT_giulini_rubinetteria_4-1-300x120.png%20300w,%20https:\/www.giulini.it\/wp-content\/uploads\/2026\/01\/LDT_giulini_rubinetteria_4-1-400x160.png%20400w,%20https:\/www.giulini.it\/wp-content\/uploads\/2026\/01\/LDT_giulini_rubinetteria_4-1-500x200.png%20500w,%20https:\/www.giulini.it\/wp-content\/uploads\/2026\/01\/LDT_giulini_rubinetteria_4-1-600x240.png%20600w,%20https:\/www.giulini.it\/wp-content\/uploads\/2026\/01\/LDT_giulini_rubinetteria_4-1-700x280.png%20700w,%20https:\/www.giulini.it\/wp-content\/uploads\/2026\/01\/LDT_giulini_rubinetteria_4-1-768x307.png%20768w,%20https:\/www.giulini.it\/wp-content\/uploads\/2026\/01\/LDT_giulini_rubinetteria_4-1-800x320.png%20800w,%20https:\/www.giulini.it\/wp-content\/uploads\/2026\/01\/LDT_giulini_rubinetteria_4-1-1024x409.png%201024w,%20https:\/www.giulini.it\/wp-content\/uploads\/2026\/01\/LDT_giulini_rubinetteria_4-1-1200x480.png%201200w,%20https:\/www.giulini.it\/wp-content\/uploads\/2026\/01\/LDT_giulini_rubinetteria_4-1-1536x614.png%201536w,%20https:\/www.giulini.it\/wp-content\/uploads\/2026\/01\/LDT_giulini_rubinetteria_4-1.png%201564w\" sizes=\"(max-width: 1564px) 100vw, 1564px\" \/><\/p>\n<p>\u00c0 MA FA\u00c7ON &#8211; 2015\/2019<\/p>\n<p>EGO interpr\u00e8te le caract\u00e8re et l&rsquo;identit\u00e9 de l&rsquo;entreprise en s&rsquo;engageant sur une voie diff\u00e9rente, avec des objectifs clairs et des strat\u00e9gies d\u00e9finies.<\/p>\n<p><img decoding=\"async\" class=\"alignnone wp-image-36796 size-full\" src=\"https:\/\/www.giulini.it\/wp-content\/uploads\/2026\/01\/LDT_giulini_rubinetteria_5-1.png\" alt=\"\" width=\"1564\" height=\"625\" srcset=\"https:\/\/www.giulini.it\/wp-content\/uploads\/2026\/01\/LDT_giulini_rubinetteria_5-1-200x80.png%20200w,%20https:\/www.giulini.it\/wp-content\/uploads\/2026\/01\/LDT_giulini_rubinetteria_5-1-300x120.png%20300w,%20https:\/www.giulini.it\/wp-content\/uploads\/2026\/01\/LDT_giulini_rubinetteria_5-1-400x160.png%20400w,%20https:\/www.giulini.it\/wp-content\/uploads\/2026\/01\/LDT_giulini_rubinetteria_5-1-500x200.png%20500w,%20https:\/www.giulini.it\/wp-content\/uploads\/2026\/01\/LDT_giulini_rubinetteria_5-1-600x240.png%20600w,%20https:\/www.giulini.it\/wp-content\/uploads\/2026\/01\/LDT_giulini_rubinetteria_5-1-700x280.png%20700w,%20https:\/www.giulini.it\/wp-content\/uploads\/2026\/01\/LDT_giulini_rubinetteria_5-1-768x307.png%20768w,%20https:\/www.giulini.it\/wp-content\/uploads\/2026\/01\/LDT_giulini_rubinetteria_5-1-800x320.png%20800w,%20https:\/www.giulini.it\/wp-content\/uploads\/2026\/01\/LDT_giulini_rubinetteria_5-1-1024x409.png%201024w,%20https:\/www.giulini.it\/wp-content\/uploads\/2026\/01\/LDT_giulini_rubinetteria_5-1-1200x480.png%201200w,%20https:\/www.giulini.it\/wp-content\/uploads\/2026\/01\/LDT_giulini_rubinetteria_5-1-1536x614.png%201536w,%20https:\/www.giulini.it\/wp-content\/uploads\/2026\/01\/LDT_giulini_rubinetteria_5-1.png%201564w\" sizes=\"(max-width: 1564px) 100vw, 1564px\" \/><\/p>\n<p><strong>D\u00e9claration du commissaire &#8211; Architecte et designer Marco Poletti<\/strong><\/p>\n<p>\u00ab\u00a0Mon parcours de designer et d&rsquo;architecte a commenc\u00e9 en 1995, lorsque j&rsquo;ai r\u00e9alis\u00e9 mes premi\u00e8res collections pour des entreprises italiennes. Ce qui a commenc\u00e9 comme une passion est rapidement devenu une profession : il ne s&rsquo;agit pas seulement de concevoir, mais de sentir la bonne direction avant les autres, d&rsquo;\u00e9laborer des strat\u00e9gies avec une \u00e9quipe et de partager le voyage de toute une vie. Mais cela a toujours \u00e9t\u00e9 bien plus que cela.  <\/p>\n<p>J&rsquo;ai r\u00e9alis\u00e9 que le design a toujours \u00e9t\u00e9 un puissant moteur de changement. Une discipline qui, en synergie avec d&rsquo;autres, a le potentiel de mener l&rsquo;humanit\u00e9 vers un avenir plus durable, plus \u00e9quitable et plus innovant. <\/p>\n<p>Cette exposition est un exemple tangible de la mani\u00e8re dont le design peut anticiper et favoriser le changement, nous conduisant ainsi vers une vie meilleure.<\/p>\n<p>L&rsquo;id\u00e9e d'\u00a0\u00bbanticiper les langages du temps\u00a0\u00bb dans l&rsquo;approche du design et de l&rsquo;architecture de Marco Poletti exprime une vision innovante et tourn\u00e9e vers l&rsquo;avenir. Ce concept refl\u00e8te la capacit\u00e9 de reconna\u00eetre et d&rsquo;interpr\u00e9ter \u00e0 l&rsquo;avance les tendances et les d\u00e9veloppements \u00e9mergents dans le monde du design. <\/p>\n<p>En substance, pour Marco Poletti, \u00ab\u00a0anticiper les langages du temps\u00a0\u00bb signifie s&rsquo;efforcer de rester \u00e0 l&rsquo;avant-garde du design et de l&rsquo;architecture &#8211; capable de saisir et de traiter les nouveaux d\u00e9fis et les nouvelles opportunit\u00e9s d\u00e8s qu&rsquo;ils apparaissent. Cette approche exige une ouverture \u00e0 l&rsquo;innovation et une recherche permanente d&rsquo;id\u00e9es et de solutions qui ne se contentent pas d&rsquo;anticiper l&rsquo;avenir, mais qui contribuent \u00e0 le fa\u00e7onner. <\/p>\n<p><strong>Diffusion de l&rsquo;exposition &#8211; KazGASA, Almaty &amp; Palazzo Bocconi, Milan<\/strong><\/p>\n<p>\u00c0 la prestigieuse universit\u00e9 KazGASA d&rsquo;Almaty, suivant le concept d&rsquo;une exposition diffuse, les collections Giulini sont pr\u00e9sent\u00e9es dans un cadre ad hoc de l&rsquo;exposition \u00ab\u00a0Les langages du temps\u00a0\u00bb.<br \/>\nIls se distinguent : EGO pour son caract\u00e8re fort et My Future pour sa polyvalence.<\/p>\n<p><img decoding=\"async\" class=\"alignnone wp-image-36769 size-full\" src=\"https:\/\/www.giulini.it\/wp-content\/uploads\/2026\/01\/LDT_giulini_rubinetteria_6-1.png\" alt=\"\" width=\"1564\" height=\"625\" srcset=\"https:\/\/www.giulini.it\/wp-content\/uploads\/2026\/01\/LDT_giulini_rubinetteria_6-1-200x80.png%20200w,%20https:\/www.giulini.it\/wp-content\/uploads\/2026\/01\/LDT_giulini_rubinetteria_6-1-300x120.png%20300w,%20https:\/www.giulini.it\/wp-content\/uploads\/2026\/01\/LDT_giulini_rubinetteria_6-1-400x160.png%20400w,%20https:\/www.giulini.it\/wp-content\/uploads\/2026\/01\/LDT_giulini_rubinetteria_6-1-500x200.png%20500w,%20https:\/www.giulini.it\/wp-content\/uploads\/2026\/01\/LDT_giulini_rubinetteria_6-1-600x240.png%20600w,%20https:\/www.giulini.it\/wp-content\/uploads\/2026\/01\/LDT_giulini_rubinetteria_6-1-700x280.png%20700w,%20https:\/www.giulini.it\/wp-content\/uploads\/2026\/01\/LDT_giulini_rubinetteria_6-1-768x307.png%20768w,%20https:\/www.giulini.it\/wp-content\/uploads\/2026\/01\/LDT_giulini_rubinetteria_6-1-800x320.png%20800w,%20https:\/www.giulini.it\/wp-content\/uploads\/2026\/01\/LDT_giulini_rubinetteria_6-1-1024x409.png%201024w,%20https:\/www.giulini.it\/wp-content\/uploads\/2026\/01\/LDT_giulini_rubinetteria_6-1-1200x480.png%201200w,%20https:\/www.giulini.it\/wp-content\/uploads\/2026\/01\/LDT_giulini_rubinetteria_6-1-1536x614.png%201536w,%20https:\/www.giulini.it\/wp-content\/uploads\/2026\/01\/LDT_giulini_rubinetteria_6-1.png%201564w\" sizes=\"(max-width: 1564px) 100vw, 1564px\" \/><\/p>\n<p><img decoding=\"async\" class=\"alignnone wp-image-36775 size-full\" src=\"https:\/\/www.giulini.it\/wp-content\/uploads\/2026\/01\/LDT_giulini_rubinetteria_7-1.png\" alt=\"\" width=\"1564\" height=\"625\" srcset=\"https:\/\/www.giulini.it\/wp-content\/uploads\/2026\/01\/LDT_giulini_rubinetteria_7-1-200x80.png%20200w,%20https:\/www.giulini.it\/wp-content\/uploads\/2026\/01\/LDT_giulini_rubinetteria_7-1-300x120.png%20300w,%20https:\/www.giulini.it\/wp-content\/uploads\/2026\/01\/LDT_giulini_rubinetteria_7-1-400x160.png%20400w,%20https:\/www.giulini.it\/wp-content\/uploads\/2026\/01\/LDT_giulini_rubinetteria_7-1-500x200.png%20500w,%20https:\/www.giulini.it\/wp-content\/uploads\/2026\/01\/LDT_giulini_rubinetteria_7-1-600x240.png%20600w,%20https:\/www.giulini.it\/wp-content\/uploads\/2026\/01\/LDT_giulini_rubinetteria_7-1-700x280.png%20700w,%20https:\/www.giulini.it\/wp-content\/uploads\/2026\/01\/LDT_giulini_rubinetteria_7-1-768x307.png%20768w,%20https:\/www.giulini.it\/wp-content\/uploads\/2026\/01\/LDT_giulini_rubinetteria_7-1-800x320.png%20800w,%20https:\/www.giulini.it\/wp-content\/uploads\/2026\/01\/LDT_giulini_rubinetteria_7-1-1024x409.png%201024w,%20https:\/www.giulini.it\/wp-content\/uploads\/2026\/01\/LDT_giulini_rubinetteria_7-1-1200x480.png%201200w,%20https:\/www.giulini.it\/wp-content\/uploads\/2026\/01\/LDT_giulini_rubinetteria_7-1-1536x614.png%201536w,%20https:\/www.giulini.it\/wp-content\/uploads\/2026\/01\/LDT_giulini_rubinetteria_7-1.png%201564w\" sizes=\"(max-width: 1564px) 100vw, 1564px\" \/><\/p>\n<p>Au Palazzo Bocconi, un lieu prestigieux situ\u00e9 dans le centre exclusif de Milan, Giulini Rubinetteria sera pr\u00e9sent pendant la semaine de la mode dans le cadre de l&rsquo;exposition \u00ab\u00a0I linguaggi del tempo\u00a0\u00bb.<br \/>\nSuivant \u00e9galement le concept d&rsquo;une exposition diffuse, l&rsquo;am\u00e9nagement a \u00e9t\u00e9 con\u00e7u pour interpr\u00e9ter, pendant la semaine de la mode, le moment magique du d\u00e9fil\u00e9 Emerging Talents Milan et le monde du design entre la cr\u00e9ativit\u00e9 et le luxe. L&rsquo;exposition \u00ab\u00a0Les langages du temps dans le design pour une vie meilleure\u00a0\u00bb, organis\u00e9e par Marco Poletti et Gaia Zanotti, a \u00e9galement \u00e9t\u00e9 pr\u00e9sent\u00e9e. <\/p>\n<p><img decoding=\"async\" class=\"alignnone wp-image-36781 size-full\" src=\"https:\/\/www.giulini.it\/wp-content\/uploads\/2026\/01\/LDT_giulini_rubinetteria_8-1.png\" alt=\"\" width=\"1564\" height=\"625\" srcset=\"https:\/\/www.giulini.it\/wp-content\/uploads\/2026\/01\/LDT_giulini_rubinetteria_8-1-200x80.png%20200w,%20https:\/www.giulini.it\/wp-content\/uploads\/2026\/01\/LDT_giulini_rubinetteria_8-1-300x120.png%20300w,%20https:\/www.giulini.it\/wp-content\/uploads\/2026\/01\/LDT_giulini_rubinetteria_8-1-400x160.png%20400w,%20https:\/www.giulini.it\/wp-content\/uploads\/2026\/01\/LDT_giulini_rubinetteria_8-1-500x200.png%20500w,%20https:\/www.giulini.it\/wp-content\/uploads\/2026\/01\/LDT_giulini_rubinetteria_8-1-600x240.png%20600w,%20https:\/www.giulini.it\/wp-content\/uploads\/2026\/01\/LDT_giulini_rubinetteria_8-1-700x280.png%20700w,%20https:\/www.giulini.it\/wp-content\/uploads\/2026\/01\/LDT_giulini_rubinetteria_8-1-768x307.png%20768w,%20https:\/www.giulini.it\/wp-content\/uploads\/2026\/01\/LDT_giulini_rubinetteria_8-1-800x320.png%20800w,%20https:\/www.giulini.it\/wp-content\/uploads\/2026\/01\/LDT_giulini_rubinetteria_8-1-1024x409.png%201024w,%20https:\/www.giulini.it\/wp-content\/uploads\/2026\/01\/LDT_giulini_rubinetteria_8-1-1200x480.png%201200w,%20https:\/www.giulini.it\/wp-content\/uploads\/2026\/01\/LDT_giulini_rubinetteria_8-1-1536x614.png%201536w,%20https:\/www.giulini.it\/wp-content\/uploads\/2026\/01\/LDT_giulini_rubinetteria_8-1.png%201564w\" sizes=\"(max-width: 1564px) 100vw, 1564px\" \/><\/p>\n<p><img decoding=\"async\" class=\"alignnone wp-image-36787 size-full\" src=\"https:\/\/www.giulini.it\/wp-content\/uploads\/2026\/01\/LDT_giulini_rubinetteria_9-1.png\" alt=\"\" width=\"1564\" height=\"625\" srcset=\"https:\/\/www.giulini.it\/wp-content\/uploads\/2026\/01\/LDT_giulini_rubinetteria_9-1-200x80.png%20200w,%20https:\/www.giulini.it\/wp-content\/uploads\/2026\/01\/LDT_giulini_rubinetteria_9-1-300x120.png%20300w,%20https:\/www.giulini.it\/wp-content\/uploads\/2026\/01\/LDT_giulini_rubinetteria_9-1-400x160.png%20400w,%20https:\/www.giulini.it\/wp-content\/uploads\/2026\/01\/LDT_giulini_rubinetteria_9-1-500x200.png%20500w,%20https:\/www.giulini.it\/wp-content\/uploads\/2026\/01\/LDT_giulini_rubinetteria_9-1-600x240.png%20600w,%20https:\/www.giulini.it\/wp-content\/uploads\/2026\/01\/LDT_giulini_rubinetteria_9-1-700x280.png%20700w,%20https:\/www.giulini.it\/wp-content\/uploads\/2026\/01\/LDT_giulini_rubinetteria_9-1-768x307.png%20768w,%20https:\/www.giulini.it\/wp-content\/uploads\/2026\/01\/LDT_giulini_rubinetteria_9-1-800x320.png%20800w,%20https:\/www.giulini.it\/wp-content\/uploads\/2026\/01\/LDT_giulini_rubinetteria_9-1-1024x409.png%201024w,%20https:\/www.giulini.it\/wp-content\/uploads\/2026\/01\/LDT_giulini_rubinetteria_9-1-1200x480.png%201200w,%20https:\/www.giulini.it\/wp-content\/uploads\/2026\/01\/LDT_giulini_rubinetteria_9-1-1536x614.png%201536w,%20https:\/www.giulini.it\/wp-content\/uploads\/2026\/01\/LDT_giulini_rubinetteria_9-1.png%201564w\" sizes=\"(max-width: 1564px) 100vw, 1564px\" \/><\/p>\n<p><strong>Organis\u00e9 par <\/strong><a href=\"https:\/\/www.instagram.com\/marco_poletti_architetto\/\"><strong>@marco_poletti_architecte<\/strong><\/a><strong> en collaboration avec <\/strong><a href=\"https:\/\/www.instagram.com\/gaiazanotti.design\/\"><strong>@gaiazanotti.design<\/strong><\/a><strong>.<\/strong><strong><br \/>\nPartenaires : <\/strong><a href=\"https:\/\/www.instagram.com\/italyinkazakhstan\/\"><strong>@italyinkazakhstan<\/strong><\/a><strong> <\/strong><a href=\"https:\/\/www.instagram.com\/iicalmaty\/\"><strong>@iicalmaty<\/strong><\/a><strong> <\/strong><a href=\"https:\/\/www.instagram.com\/itaalmaty\/\"><strong>@itaalmaty<\/strong><\/a><strong> <\/strong><a href=\"https:\/\/www.instagram.com\/kazgasa.kz\/\"><strong>@kazgasa.kz<\/strong><\/a><strong> <\/strong><a href=\"https:\/\/www.instagram.com\/dna_madeinitaly\/\"><strong>@dna_madeinitaly<\/strong><\/a><\/p>\n","protected":false},"excerpt":{"rendered":"<p>\u00ab\u00a0Les langages du temps dans la conception d&rsquo;une vie meilleure\u00a0\u00bb.  [&#8230;]<\/p>\n","protected":false},"author":5,"featured_media":36888,"comment_status":"closed","ping_status":"closed","sticky":false,"template":"","format":"standard","meta":{"_bbp_topic_count":0,"_bbp_reply_count":0,"_bbp_total_topic_count":0,"_bbp_total_reply_count":0,"_bbp_voice_count":0,"_bbp_anonymous_reply_count":0,"_bbp_topic_count_hidden":0,"_bbp_reply_count_hidden":0,"_bbp_forum_subforum_count":0,"footnotes":""},"categories":[322],"tags":[],"class_list":["post-36815","post","type-post","status-publish","format-standard","has-post-thumbnail","hentry","category-g-parler"],"acf":[],"yoast_head":"<!-- This site is optimized with the Yoast SEO plugin v26.2 - https:\/\/yoast.com\/wordpress\/plugins\/seo\/ -->\n<title>LES LANGUES DU TEMPS - Exposition internationale - Rubinetterie Giulini<\/title>\n<meta name=\"robots\" content=\"index, follow, max-snippet:-1, max-image-preview:large, max-video-preview:-1\" \/>\n<link rel=\"canonical\" href=\"https:\/\/www.giulini.it\/fr\/les-langues-du-temps-exposition-internationale\/\" \/>\n<meta property=\"og:locale\" content=\"fr_FR\" \/>\n<meta property=\"og:type\" content=\"article\" \/>\n<meta property=\"og:title\" content=\"LES LANGUES DU TEMPS - Exposition internationale - Rubinetterie Giulini\" \/>\n<meta property=\"og:description\" content=\"\u00ab\u00a0Les langages du temps dans la conception d&rsquo;une vie meilleure\u00a0\u00bb. [...]\" \/>\n<meta property=\"og:url\" content=\"https:\/\/www.giulini.it\/fr\/les-langues-du-temps-exposition-internationale\/\" \/>\n<meta property=\"og:site_name\" content=\"Rubinetterie Giulini\" \/>\n<meta property=\"article:publisher\" content=\"https:\/\/www.facebook.com\/profile.php?id=61573782434677\" \/>\n<meta property=\"article:published_time\" content=\"2026-01-20T14:13:58+00:00\" \/>\n<meta property=\"article:modified_time\" content=\"2026-01-20T14:14:02+00:00\" \/>\n<meta property=\"og:image\" content=\"https:\/\/www.giulini.it\/wp-content\/uploads\/2026\/01\/LDT_giulini_rubinetteria_1-1-1024x409.png\" \/>\n\t<meta property=\"og:image:width\" content=\"1024\" \/>\n\t<meta property=\"og:image:height\" content=\"409\" \/>\n\t<meta property=\"og:image:type\" content=\"image\/png\" \/>\n<meta name=\"author\" content=\"Gaia\" \/>\n<meta name=\"twitter:card\" content=\"summary_large_image\" \/>\n<meta name=\"twitter:label1\" content=\"\u00c9crit par\" \/>\n\t<meta name=\"twitter:data1\" content=\"Gaia\" \/>\n\t<meta name=\"twitter:label2\" content=\"Dur\u00e9e de lecture estim\u00e9e\" \/>\n\t<meta name=\"twitter:data2\" content=\"6 minutes\" \/>\n<script type=\"application\/ld+json\" class=\"yoast-schema-graph\">{\"@context\":\"https:\/\/schema.org\",\"@graph\":[{\"@type\":\"Article\",\"@id\":\"https:\/\/www.giulini.it\/fr\/les-langues-du-temps-exposition-internationale\/#article\",\"isPartOf\":{\"@id\":\"https:\/\/www.giulini.it\/fr\/les-langues-du-temps-exposition-internationale\/\"},\"author\":{\"name\":\"Gaia\",\"@id\":\"https:\/\/www.giulini.it\/#\/schema\/person\/d84a3e7d0827bce2b06481363205e8fe\"},\"headline\":\"LES LANGUES DU TEMPS &#8211; Exposition internationale\",\"datePublished\":\"2026-01-20T14:13:58+00:00\",\"dateModified\":\"2026-01-20T14:14:02+00:00\",\"mainEntityOfPage\":{\"@id\":\"https:\/\/www.giulini.it\/fr\/les-langues-du-temps-exposition-internationale\/\"},\"wordCount\":1197,\"publisher\":{\"@id\":\"https:\/\/www.giulini.it\/#organization\"},\"image\":{\"@id\":\"https:\/\/www.giulini.it\/fr\/les-langues-du-temps-exposition-internationale\/#primaryimage\"},\"thumbnailUrl\":\"https:\/\/www.giulini.it\/wp-content\/uploads\/2026\/01\/LDT_anteprima_giulini_rubinetteria-1.png\",\"articleSection\":[\"G. Parler\"],\"inLanguage\":\"fr-FR\"},{\"@type\":\"WebPage\",\"@id\":\"https:\/\/www.giulini.it\/fr\/les-langues-du-temps-exposition-internationale\/\",\"url\":\"https:\/\/www.giulini.it\/fr\/les-langues-du-temps-exposition-internationale\/\",\"name\":\"LES LANGUES DU TEMPS - Exposition internationale - Rubinetterie Giulini\",\"isPartOf\":{\"@id\":\"https:\/\/www.giulini.it\/#website\"},\"primaryImageOfPage\":{\"@id\":\"https:\/\/www.giulini.it\/fr\/les-langues-du-temps-exposition-internationale\/#primaryimage\"},\"image\":{\"@id\":\"https:\/\/www.giulini.it\/fr\/les-langues-du-temps-exposition-internationale\/#primaryimage\"},\"thumbnailUrl\":\"https:\/\/www.giulini.it\/wp-content\/uploads\/2026\/01\/LDT_anteprima_giulini_rubinetteria-1.png\",\"datePublished\":\"2026-01-20T14:13:58+00:00\",\"dateModified\":\"2026-01-20T14:14:02+00:00\",\"breadcrumb\":{\"@id\":\"https:\/\/www.giulini.it\/fr\/les-langues-du-temps-exposition-internationale\/#breadcrumb\"},\"inLanguage\":\"fr-FR\",\"potentialAction\":[{\"@type\":\"ReadAction\",\"target\":[\"https:\/\/www.giulini.it\/fr\/les-langues-du-temps-exposition-internationale\/\"]}]},{\"@type\":\"ImageObject\",\"inLanguage\":\"fr-FR\",\"@id\":\"https:\/\/www.giulini.it\/fr\/les-langues-du-temps-exposition-internationale\/#primaryimage\",\"url\":\"https:\/\/www.giulini.it\/wp-content\/uploads\/2026\/01\/LDT_anteprima_giulini_rubinetteria-1.png\",\"contentUrl\":\"https:\/\/www.giulini.it\/wp-content\/uploads\/2026\/01\/LDT_anteprima_giulini_rubinetteria-1.png\",\"width\":747,\"height\":451},{\"@type\":\"BreadcrumbList\",\"@id\":\"https:\/\/www.giulini.it\/fr\/les-langues-du-temps-exposition-internationale\/#breadcrumb\",\"itemListElement\":[{\"@type\":\"ListItem\",\"position\":1,\"name\":\"Home\",\"item\":\"https:\/\/www.giulini.it\/fr\/accueil\/\"},{\"@type\":\"ListItem\",\"position\":2,\"name\":\"LES LANGUES DU TEMPS &#8211; Exposition internationale\"}]},{\"@type\":\"WebSite\",\"@id\":\"https:\/\/www.giulini.it\/#website\",\"url\":\"https:\/\/www.giulini.it\/\",\"name\":\"Rubinetterie Giulini\",\"description\":\"\",\"publisher\":{\"@id\":\"https:\/\/www.giulini.it\/#organization\"},\"potentialAction\":[{\"@type\":\"SearchAction\",\"target\":{\"@type\":\"EntryPoint\",\"urlTemplate\":\"https:\/\/www.giulini.it\/?s=%7Bsearch_term_string%7D\"},\"query-input\":{\"@type\":\"PropertyValueSpecification\",\"valueRequired\":true,\"valueName\":\"search_term_string\"}}],\"inLanguage\":\"fr-FR\"},{\"@type\":\"Organization\",\"@id\":\"https:\/\/www.giulini.it\/#organization\",\"name\":\"Rubinetterie Giulini\",\"url\":\"https:\/\/www.giulini.it\/\",\"logo\":{\"@type\":\"ImageObject\",\"inLanguage\":\"fr-FR\",\"@id\":\"https:\/\/www.giulini.it\/#\/schema\/logo\/image\/\",\"url\":\"https:\/\/www.giulini.it\/wp-content\/uploads\/2025\/10\/Logo-GIULINI.svg\",\"contentUrl\":\"https:\/\/www.giulini.it\/wp-content\/uploads\/2025\/10\/Logo-GIULINI.svg\",\"width\":1036,\"height\":250,\"caption\":\"Rubinetterie Giulini\"},\"image\":{\"@id\":\"https:\/\/www.giulini.it\/#\/schema\/logo\/image\/\"},\"sameAs\":[\"https:\/\/www.facebook.com\/profile.php?id=61573782434677\"]},{\"@type\":\"Person\",\"@id\":\"https:\/\/www.giulini.it\/#\/schema\/person\/d84a3e7d0827bce2b06481363205e8fe\",\"name\":\"Gaia\",\"image\":{\"@type\":\"ImageObject\",\"inLanguage\":\"fr-FR\",\"@id\":\"https:\/\/www.giulini.it\/#\/schema\/person\/image\/\",\"url\":\"https:\/\/secure.gravatar.com\/avatar\/6606b49563a430305a73b914c9bf5a1ca47779abbbb04ec4428c1931022afe50?s=96&d=mm&r=g\",\"contentUrl\":\"https:\/\/secure.gravatar.com\/avatar\/6606b49563a430305a73b914c9bf5a1ca47779abbbb04ec4428c1931022afe50?s=96&d=mm&r=g\",\"caption\":\"Gaia\"},\"url\":\"https:\/\/www.giulini.it\/fr\/author\/webmaster\/\"}]}<\/script>\n<!-- \/ Yoast SEO plugin. -->","yoast_head_json":{"title":"LES LANGUES DU TEMPS - Exposition internationale - Rubinetterie Giulini","robots":{"index":"index","follow":"follow","max-snippet":"max-snippet:-1","max-image-preview":"max-image-preview:large","max-video-preview":"max-video-preview:-1"},"canonical":"https:\/\/www.giulini.it\/fr\/les-langues-du-temps-exposition-internationale\/","og_locale":"fr_FR","og_type":"article","og_title":"LES LANGUES DU TEMPS - Exposition internationale - Rubinetterie Giulini","og_description":"\u00ab\u00a0Les langages du temps dans la conception d&rsquo;une vie meilleure\u00a0\u00bb. [...]","og_url":"https:\/\/www.giulini.it\/fr\/les-langues-du-temps-exposition-internationale\/","og_site_name":"Rubinetterie Giulini","article_publisher":"https:\/\/www.facebook.com\/profile.php?id=61573782434677","article_published_time":"2026-01-20T14:13:58+00:00","article_modified_time":"2026-01-20T14:14:02+00:00","og_image":[{"width":1024,"height":409,"url":"https:\/\/www.giulini.it\/wp-content\/uploads\/2026\/01\/LDT_giulini_rubinetteria_1-1-1024x409.png","type":"image\/png"}],"author":"Gaia","twitter_card":"summary_large_image","twitter_misc":{"\u00c9crit par":"Gaia","Dur\u00e9e de lecture estim\u00e9e":"6 minutes"},"schema":{"@context":"https:\/\/schema.org","@graph":[{"@type":"Article","@id":"https:\/\/www.giulini.it\/fr\/les-langues-du-temps-exposition-internationale\/#article","isPartOf":{"@id":"https:\/\/www.giulini.it\/fr\/les-langues-du-temps-exposition-internationale\/"},"author":{"name":"Gaia","@id":"https:\/\/www.giulini.it\/#\/schema\/person\/d84a3e7d0827bce2b06481363205e8fe"},"headline":"LES LANGUES DU TEMPS &#8211; Exposition internationale","datePublished":"2026-01-20T14:13:58+00:00","dateModified":"2026-01-20T14:14:02+00:00","mainEntityOfPage":{"@id":"https:\/\/www.giulini.it\/fr\/les-langues-du-temps-exposition-internationale\/"},"wordCount":1197,"publisher":{"@id":"https:\/\/www.giulini.it\/#organization"},"image":{"@id":"https:\/\/www.giulini.it\/fr\/les-langues-du-temps-exposition-internationale\/#primaryimage"},"thumbnailUrl":"https:\/\/www.giulini.it\/wp-content\/uploads\/2026\/01\/LDT_anteprima_giulini_rubinetteria-1.png","articleSection":["G. Parler"],"inLanguage":"fr-FR"},{"@type":"WebPage","@id":"https:\/\/www.giulini.it\/fr\/les-langues-du-temps-exposition-internationale\/","url":"https:\/\/www.giulini.it\/fr\/les-langues-du-temps-exposition-internationale\/","name":"LES LANGUES DU TEMPS - Exposition internationale - Rubinetterie Giulini","isPartOf":{"@id":"https:\/\/www.giulini.it\/#website"},"primaryImageOfPage":{"@id":"https:\/\/www.giulini.it\/fr\/les-langues-du-temps-exposition-internationale\/#primaryimage"},"image":{"@id":"https:\/\/www.giulini.it\/fr\/les-langues-du-temps-exposition-internationale\/#primaryimage"},"thumbnailUrl":"https:\/\/www.giulini.it\/wp-content\/uploads\/2026\/01\/LDT_anteprima_giulini_rubinetteria-1.png","datePublished":"2026-01-20T14:13:58+00:00","dateModified":"2026-01-20T14:14:02+00:00","breadcrumb":{"@id":"https:\/\/www.giulini.it\/fr\/les-langues-du-temps-exposition-internationale\/#breadcrumb"},"inLanguage":"fr-FR","potentialAction":[{"@type":"ReadAction","target":["https:\/\/www.giulini.it\/fr\/les-langues-du-temps-exposition-internationale\/"]}]},{"@type":"ImageObject","inLanguage":"fr-FR","@id":"https:\/\/www.giulini.it\/fr\/les-langues-du-temps-exposition-internationale\/#primaryimage","url":"https:\/\/www.giulini.it\/wp-content\/uploads\/2026\/01\/LDT_anteprima_giulini_rubinetteria-1.png","contentUrl":"https:\/\/www.giulini.it\/wp-content\/uploads\/2026\/01\/LDT_anteprima_giulini_rubinetteria-1.png","width":747,"height":451},{"@type":"BreadcrumbList","@id":"https:\/\/www.giulini.it\/fr\/les-langues-du-temps-exposition-internationale\/#breadcrumb","itemListElement":[{"@type":"ListItem","position":1,"name":"Home","item":"https:\/\/www.giulini.it\/fr\/accueil\/"},{"@type":"ListItem","position":2,"name":"LES LANGUES DU TEMPS &#8211; Exposition internationale"}]},{"@type":"WebSite","@id":"https:\/\/www.giulini.it\/#website","url":"https:\/\/www.giulini.it\/","name":"Rubinetterie Giulini","description":"","publisher":{"@id":"https:\/\/www.giulini.it\/#organization"},"potentialAction":[{"@type":"SearchAction","target":{"@type":"EntryPoint","urlTemplate":"https:\/\/www.giulini.it\/?s=%7Bsearch_term_string%7D"},"query-input":{"@type":"PropertyValueSpecification","valueRequired":true,"valueName":"search_term_string"}}],"inLanguage":"fr-FR"},{"@type":"Organization","@id":"https:\/\/www.giulini.it\/#organization","name":"Rubinetterie Giulini","url":"https:\/\/www.giulini.it\/","logo":{"@type":"ImageObject","inLanguage":"fr-FR","@id":"https:\/\/www.giulini.it\/#\/schema\/logo\/image\/","url":"https:\/\/www.giulini.it\/wp-content\/uploads\/2025\/10\/Logo-GIULINI.svg","contentUrl":"https:\/\/www.giulini.it\/wp-content\/uploads\/2025\/10\/Logo-GIULINI.svg","width":1036,"height":250,"caption":"Rubinetterie Giulini"},"image":{"@id":"https:\/\/www.giulini.it\/#\/schema\/logo\/image\/"},"sameAs":["https:\/\/www.facebook.com\/profile.php?id=61573782434677"]},{"@type":"Person","@id":"https:\/\/www.giulini.it\/#\/schema\/person\/d84a3e7d0827bce2b06481363205e8fe","name":"Gaia","image":{"@type":"ImageObject","inLanguage":"fr-FR","@id":"https:\/\/www.giulini.it\/#\/schema\/person\/image\/","url":"https:\/\/secure.gravatar.com\/avatar\/6606b49563a430305a73b914c9bf5a1ca47779abbbb04ec4428c1931022afe50?s=96&d=mm&r=g","contentUrl":"https:\/\/secure.gravatar.com\/avatar\/6606b49563a430305a73b914c9bf5a1ca47779abbbb04ec4428c1931022afe50?s=96&d=mm&r=g","caption":"Gaia"},"url":"https:\/\/www.giulini.it\/fr\/author\/webmaster\/"}]}},"_links":{"self":[{"href":"https:\/\/www.giulini.it\/fr\/wp-json\/wp\/v2\/posts\/36815","targetHints":{"allow":["GET"]}}],"collection":[{"href":"https:\/\/www.giulini.it\/fr\/wp-json\/wp\/v2\/posts"}],"about":[{"href":"https:\/\/www.giulini.it\/fr\/wp-json\/wp\/v2\/types\/post"}],"author":[{"embeddable":true,"href":"https:\/\/www.giulini.it\/fr\/wp-json\/wp\/v2\/users\/5"}],"replies":[{"embeddable":true,"href":"https:\/\/www.giulini.it\/fr\/wp-json\/wp\/v2\/comments?post=36815"}],"version-history":[{"count":1,"href":"https:\/\/www.giulini.it\/fr\/wp-json\/wp\/v2\/posts\/36815\/revisions"}],"predecessor-version":[{"id":36893,"href":"https:\/\/www.giulini.it\/fr\/wp-json\/wp\/v2\/posts\/36815\/revisions\/36893"}],"wp:featuredmedia":[{"embeddable":true,"href":"https:\/\/www.giulini.it\/fr\/wp-json\/wp\/v2\/media\/36888"}],"wp:attachment":[{"href":"https:\/\/www.giulini.it\/fr\/wp-json\/wp\/v2\/media?parent=36815"}],"wp:term":[{"taxonomy":"category","embeddable":true,"href":"https:\/\/www.giulini.it\/fr\/wp-json\/wp\/v2\/categories?post=36815"},{"taxonomy":"post_tag","embeddable":true,"href":"https:\/\/www.giulini.it\/fr\/wp-json\/wp\/v2\/tags?post=36815"}],"curies":[{"name":"wp","href":"https:\/\/api.w.org\/{rel}","templated":true}]}}